{"id":249,"date":"2010-04-12T22:00:00","date_gmt":"2010-04-12T19:00:00","guid":{"rendered":"https:\/\/www.ramazanbasak.com.tr\/basak-esnaf-gezilerini-surduruyor"},"modified":"2010-04-12T22:00:00","modified_gmt":"2010-04-12T19:00:00","slug":"basak-esnaf-gezilerini-surduruyor","status":"publish","type":"post","link":"https:\/\/www.ramazanbasak.com.tr\/?p=249","title":{"rendered":"BA\u015eAK ESNAF GEZ\u0130LER\u0130N\u0130 S\u00dcRD\u00dcR\u00dcYOR&#8230;"},"content":{"rendered":"<p><img loading=\"lazy\" decoding=\"async\" class=\" alignleft size-full wp-image-248\" align=\"left\" width=\"200\" height=\"135\" alt=\"\" src=\"https:\/\/www.ramazanbasak.com.tr\/wp-content\/uploads\/2010\/04\/esnaf1.jpg\" srcset=\"https:\/\/www.ramazanbasak.com.tr\/wp-content\/uploads\/2010\/04\/esnaf1.jpg 289w, https:\/\/www.ramazanbasak.com.tr\/wp-content\/uploads\/2010\/04\/esnaf1-220x150.jpg 220w\" sizes=\"auto, (max-width: 200px) 100vw, 200px\" \/><\/p>\n<p><strong>Ak Parti \u015eanl\u0131urfa Milletvekili Ramazan Ba\u015fak, esnaf\u0131 yaln\u0131z b\u0131rakm\u0131yor.  <!--more-->  <\/strong><\/p>\n<p>&nbsp;<\/p>\n<div><b>BA\u015eAK HAFTASONUNU MELEKET\u0130NDE GE\u00c7\u0130RD\u0130<\/b><\/div>\n<p> <b><span style=\"font-size: 11pt\">11 Nisan kutlamalar\u0131 nedeniyle memleketi \u015eanl\u0131urfa&rsquo;ya gelen ba\u015fak esnaf\u0131 gezmeyi de ihmal etmiyor. <\/span><\/b><\/p>\n<p> <b><span style=\"font-size: 11pt\">Abide kav\u015fa\u011f\u0131nda bulunan Ali \u015eelli park\u0131 yan\u0131nda, direkli ilk\u00f6\u011fretim okulu taraf\u0131ndan d\u00fczenlenen kermese kat\u0131lan Ak Parti \u015eanl\u0131urfa Milletvekili Ramazan Ba\u015fak, Ak Parti \u0130l\u00e7e ba\u015fkan\u0131 Mustafa zahit ve beraberindeki bir grup partili ile birlikte orada okul \u00f6\u011frencileri taraf\u0131ndan vatanda\u015fa y\u00f6nelik sergilenen kermeste, al\u0131\u015f veri\u015f yaparak okul \u00f6\u011frencilerine destekte bulundular.<\/span><\/b><\/p>\n<p> <b><span style=\"font-size: 11pt\">Daha sonra kermesten ayr\u0131lan ba\u015fak Bah\u00e7elievler mahalle semtinde dola\u015farak esnaf\u0131 ziyaret etti. <\/span><\/b><b><span style=\"color: #313131; font-size: 11pt\">Halkla s\u00fcrekli i\u00e7 i\u00e7e oldu\u011funu ve yap\u0131lan \u00e7al\u0131\u015fmalar\u0131 anlatt\u0131\u011f\u0131n\u0131 ifade eden Ba\u015fak, son olarak devam eden Anayasa tasla\u011f\u0131n\u0131n kabul edilmesiyle birlikte T\u00fcrkiye&rsquo;nin kanayan yaras\u0131na parmak bas\u0131lm\u0131\u015f olaca\u011f\u0131n\u0131 kaydetti. T\u00fcrkiye&rsquo;de halen 1982 y\u0131l\u0131nda kabul edilen Anayasa&rsquo;n\u0131n y\u00fcr\u00fcrl\u00fckte oldu\u011funu ve bunun ihtiyaca cevap veremedi\u011fini dile getiren Ramazan Ba\u015fak, &ldquo;H\u00fck\u00fcmetimiz her konuda oldu\u011fu gibi Anayasa hususunda da \u00f6nemli bir \u00e7al\u0131\u015fma y\u00fcr\u00fct\u00fcyor. \u00c7e\u015fitli maddelerinde de\u011fi\u015fiklik yapmak i\u00e7in yeniden komisyona getirilen Anayasa tasla\u011f\u0131n\u0131, sivil toplum \u00f6rg\u00fctleri, hukuk\u00e7ular ve bir\u00e7ok kesimin g\u00f6r\u00fc\u015f\u00fc al\u0131narak haz\u0131rland\u0131. Bu taslak tamamland\u0131\u011f\u0131nda T\u00fcrkiye yeni bir Anayasa&rsquo;ya kavu\u015facak. Amac\u0131m\u0131z bununla birlikte t\u00fcm T\u00fcrkiye&rsquo;nin ya\u015fad\u0131\u011f\u0131 sorunlara \u00e7\u00f6z\u00fcm bulmak. \u015eu anda buna tepki g\u00f6steren muhalefet partileri de eminim ki ilerleyen s\u00fcre\u00e7te bu Anayasa de\u011fi\u015fikli\u011fi i\u00e7in iktidar\u0131m\u0131za te\u015fekk\u00fcr edecektir&rdquo; diye konu\u015ftu.<\/span><\/b><\/p>\n","protected":false},"excerpt":{"rendered":"<p>Ak Parti \u015eanl\u0131urfa Milletvekili Ramazan Ba\u015fak, esnaf\u0131 yaln\u0131z b\u0131rakm\u0131yor. &nbsp; BA\u015eAK HAFTASONUNU MELEKET\u0130NDE GE\u00c7\u0130RD\u0130 11 Nisan kutlamalar\u0131 nedeniyle memleketi \u015eanl\u0131urfa&rsquo;ya gelen ba\u015fak esnaf\u0131 gezmeyi de ihmal etmiyor. Abide kav\u015fa\u011f\u0131nda bulunan Ali \u015eelli park\u0131 yan\u0131nda, direkli ilk\u00f6\u011fretim okulu taraf\u0131ndan d\u00fczenlenen kermese kat\u0131lan Ak Parti \u015eanl\u0131urfa Milletvekili Ramazan Ba\u015fak, Ak Parti \u0130l\u00e7e ba\u015fkan\u0131 Mustafa zahit ve beraberindeki &hellip;<\/p>\n","protected":false},"author":2,"featured_media":248,"comment_status":"open","ping_status":"open","sticky":false,"template":"","format":"standard","meta":{"footnotes":""},"categories":[8],"tags":[],"class_list":["post-249","post","type-post","status-publish","format-standard","has-post-thumbnail","hentry","category-haberler-haberler"],"_links":{"self":[{"href":"https:\/\/www.ramazanbasak.com.tr\/index.php?rest_route=\/wp\/v2\/posts\/249","targetHints":{"allow":["GET"]}}],"collection":[{"href":"https:\/\/www.ramazanbasak.com.tr\/index.php?rest_route=\/wp\/v2\/posts"}],"about":[{"href":"https:\/\/www.ramazanbasak.com.tr\/index.php?rest_route=\/wp\/v2\/types\/post"}],"author":[{"embeddable":true,"href":"https:\/\/www.ramazanbasak.com.tr\/index.php?rest_route=\/wp\/v2\/users\/2"}],"replies":[{"embeddable":true,"href":"https:\/\/www.ramazanbasak.com.tr\/index.php?rest_route=%2Fwp%2Fv2%2Fcomments&post=249"}],"version-history":[{"count":0,"href":"https:\/\/www.ramazanbasak.com.tr\/index.php?rest_route=\/wp\/v2\/posts\/249\/revisions"}],"wp:featuredmedia":[{"embeddable":true,"href":"https:\/\/www.ramazanbasak.com.tr\/index.php?rest_route=\/wp\/v2\/media\/248"}],"wp:attachment":[{"href":"https:\/\/www.ramazanbasak.com.tr\/index.php?rest_route=%2Fwp%2Fv2%2Fmedia&parent=249"}],"wp:term":[{"taxonomy":"category","embeddable":true,"href":"https:\/\/www.ramazanbasak.com.tr\/index.php?rest_route=%2Fwp%2Fv2%2Fcategories&post=249"},{"taxonomy":"post_tag","embeddable":true,"href":"https:\/\/www.ramazanbasak.com.tr\/index.php?rest_route=%2Fwp%2Fv2%2Ftags&post=249"}],"curies":[{"name":"wp","href":"https:\/\/api.w.org\/{rel}","templated":true}]}}