{"id":251,"date":"2010-04-13T22:00:00","date_gmt":"2010-04-13T19:00:00","guid":{"rendered":"https:\/\/www.ramazanbasak.com.tr\/basak-gurbetcileri-yalniz-birakmadi"},"modified":"2010-04-13T22:00:00","modified_gmt":"2010-04-13T19:00:00","slug":"basak-gurbetcileri-yalniz-birakmadi","status":"publish","type":"post","link":"https:\/\/www.ramazanbasak.com.tr\/?p=251","title":{"rendered":"BA\u015eAK GURBET\u00c7\u0130LER\u0130 YALNIZ BIRAKMADI&#8230;"},"content":{"rendered":"<p><img loading=\"lazy\" decoding=\"async\" class=\" alignleft size-full wp-image-250\" align=\"left\" width=\"200\" height=\"135\" alt=\"\" src=\"https:\/\/www.ramazanbasak.com.tr\/wp-content\/uploads\/2010\/04\/mersn.jpg\" srcset=\"https:\/\/www.ramazanbasak.com.tr\/wp-content\/uploads\/2010\/04\/mersn.jpg 289w, https:\/\/www.ramazanbasak.com.tr\/wp-content\/uploads\/2010\/04\/mersn-220x150.jpg 220w\" sizes=\"auto, (max-width: 200px) 100vw, 200px\" \/><\/p>\n<p><strong>Mersin&#8217;de ya\u015fayan Urfa&#8217;l\u0131 gurbet\u00e7iler, Urfa&#8217;n\u0131n d\u00fc\u015fman i\u015fgalinden kurtulu\u015funu kutlad\u0131lar.  <!--more-->  <\/strong><\/p>\n<p>&nbsp;<\/p>\n<div>11 nisan \u015eanl\u0131urfa&rsquo;n\u0131n d\u00fc\u015fman i\u015fgalinden kurtulu\u015fu olmas\u0131 nedeniyle Mersin&rsquo;de ya\u015fayan Urfa&#8217;l\u0131lar bir araya gelerek s\u0131ra gecesi d\u00fczenlediler. Memleketleri Urfa&rsquo;dan g\u00f6\u00e7 eden ve Urfa \u00f6zlemi ile tutu\u015fan \u015eanl\u0131urfa&#8217;l\u0131lar&nbsp;&nbsp; 11 Nisan Kurtulu\u015f Bayram\u0131 kutlamalar\u0131 dolay\u0131s\u0131 ile Mersin&#8217;de d\u00fczenlenen &nbsp;s\u0131ra gecesi ile bir araya geldiler.Mersin \u015eanl\u0131rfa&#8217;l\u0131lar Dernek Ba\u015fkan\u0131 Av.Necmi Do\u011fan ba\u015fkanl\u0131\u011f\u0131nda ki y\u00f6netimin yapt\u0131\u011f\u0131 organizasyon sonras\u0131 Urfal\u0131lar birlikte olman\u0131n mutlulu\u011funu ya\u015fad\u0131lar.<\/div>\n<div>Geceye davet edilen Ak Parti \u015eanl\u0131urfa Milletvekili Ramazan Ba\u015fak&rsquo;&nbsp;Mersin&#8217;de ya\u015fayan hem\u015fehrilerimle birlikte &nbsp;bulunmaktan \u00e7ok mutlu oldu\u011funu belirterek, Urfa&rsquo;n\u0131n d\u00fc\u015fman i\u015fgalinden kurtulu\u015funu kutlayarak, ge\u00e7mi\u015fte bizim i\u00e7in sava\u015fan, bu topraklarda bizler i\u00e7in kanlar\u0131n\u0131 d\u00f6ken atalar\u0131m\u0131z, bize b\u0131rakm\u0131\u015f olduklar\u0131 bu de\u011ferli topraklara sahip \u00e7\u0131kacaklar\u0131n\u0131 bizimde gelecekteki \u00e7ocuklar\u0131m\u0131za aktarmam\u0131z gerekti\u011fini vurgulad\u0131.<\/div>\n<p> Daha sonra Urfa&rsquo;dan getirtilen s\u0131ra gecesi ekibiyle birlikte Urfa y\u00f6resine ait t\u00fcrk\u00fcler s\u00f6yleyerek doyas\u0131ya e\u011flenme imkan\u0131 buldular.<\/p>\n","protected":false},"excerpt":{"rendered":"<p>Mersin&#8217;de ya\u015fayan Urfa&#8217;l\u0131 gurbet\u00e7iler, Urfa&#8217;n\u0131n d\u00fc\u015fman i\u015fgalinden kurtulu\u015funu kutlad\u0131lar. &nbsp; 11 nisan \u015eanl\u0131urfa&rsquo;n\u0131n d\u00fc\u015fman i\u015fgalinden kurtulu\u015fu olmas\u0131 nedeniyle Mersin&rsquo;de ya\u015fayan Urfa&#8217;l\u0131lar bir araya gelerek s\u0131ra gecesi d\u00fczenlediler. Memleketleri Urfa&rsquo;dan g\u00f6\u00e7 eden ve Urfa \u00f6zlemi ile tutu\u015fan \u015eanl\u0131urfa&#8217;l\u0131lar&nbsp;&nbsp; 11 Nisan Kurtulu\u015f Bayram\u0131 kutlamalar\u0131 dolay\u0131s\u0131 ile Mersin&#8217;de d\u00fczenlenen &nbsp;s\u0131ra gecesi ile bir araya geldiler.Mersin \u015eanl\u0131rfa&#8217;l\u0131lar Dernek Ba\u015fkan\u0131 &hellip;<\/p>\n","protected":false},"author":2,"featured_media":250,"comment_status":"open","ping_status":"open","sticky":false,"template":"","format":"standard","meta":{"footnotes":""},"categories":[8],"tags":[],"class_list":["post-251","post","type-post","status-publish","format-standard","has-post-thumbnail","hentry","category-haberler-haberler"],"_links":{"self":[{"href":"https:\/\/www.ramazanbasak.com.tr\/index.php?rest_route=\/wp\/v2\/posts\/251","targetHints":{"allow":["GET"]}}],"collection":[{"href":"https:\/\/www.ramazanbasak.com.tr\/index.php?rest_route=\/wp\/v2\/posts"}],"about":[{"href":"https:\/\/www.ramazanbasak.com.tr\/index.php?rest_route=\/wp\/v2\/types\/post"}],"author":[{"embeddable":true,"href":"https:\/\/www.ramazanbasak.com.tr\/index.php?rest_route=\/wp\/v2\/users\/2"}],"replies":[{"embeddable":true,"href":"https:\/\/www.ramazanbasak.com.tr\/index.php?rest_route=%2Fwp%2Fv2%2Fcomments&post=251"}],"version-history":[{"count":0,"href":"https:\/\/www.ramazanbasak.com.tr\/index.php?rest_route=\/wp\/v2\/posts\/251\/revisions"}],"wp:featuredmedia":[{"embeddable":true,"href":"https:\/\/www.ramazanbasak.com.tr\/index.php?rest_route=\/wp\/v2\/media\/250"}],"wp:attachment":[{"href":"https:\/\/www.ramazanbasak.com.tr\/index.php?rest_route=%2Fwp%2Fv2%2Fmedia&parent=251"}],"wp:term":[{"taxonomy":"category","embeddable":true,"href":"https:\/\/www.ramazanbasak.com.tr\/index.php?rest_route=%2Fwp%2Fv2%2Fcategories&post=251"},{"taxonomy":"post_tag","embeddable":true,"href":"https:\/\/www.ramazanbasak.com.tr\/index.php?rest_route=%2Fwp%2Fv2%2Ftags&post=251"}],"curies":[{"name":"wp","href":"https:\/\/api.w.org\/{rel}","templated":true}]}}