{"id":253,"date":"2010-04-18T22:00:00","date_gmt":"2010-04-18T19:00:00","guid":{"rendered":"https:\/\/www.ramazanbasak.com.tr\/tan-sordu-basak-cevapladi"},"modified":"2010-04-18T22:00:00","modified_gmt":"2010-04-18T19:00:00","slug":"tan-sordu-basak-cevapladi","status":"publish","type":"post","link":"https:\/\/www.ramazanbasak.com.tr\/?p=253","title":{"rendered":"TAN SORDU, BA\u015eAK CEVAPLADI&#8230;"},"content":{"rendered":"<p><img loading=\"lazy\" decoding=\"async\" class=\" alignleft size-full wp-image-252\" align=\"left\" width=\"200\" height=\"135\" alt=\"\" src=\"https:\/\/www.ramazanbasak.com.tr\/wp-content\/uploads\/2010\/04\/tv81.jpg\" \/><\/p>\n<p><strong>Ak Parti \u015eanl\u0131urfa Milletvekili Ramazan Ba\u015fak bug\u00fcn sabah saatlerinde, Tv8&rsquo;in &lsquo;Ba\u015fkentten&rsquo; program\u0131na konuk oldu.  <!--more-->  <\/strong><\/p>\n<p>&nbsp;<\/p>\n<div>Ak Parti \u015eanl\u0131urfa Milletvekili Ramazan Ba\u015fak bug\u00fcn sabah saatlerinde, tv8&rsquo;in &lsquo;Ba\u015fkentten&rsquo; program\u0131na konuk oldu.<\/div>\n<div>Erkan Tan&rsquo;\u0131n sundu\u011fu &lsquo;Ba\u015fkentten&rsquo; program\u0131na kat\u0131lan Ak Parti \u015eanl\u0131urfa Milletvekili Ramazan Ba\u015fak, g\u00fcndemle ilgili konulara de\u011finerek Tan&rsquo;\u0131n sorular\u0131n\u0131 cevaplad\u0131.<br \/> Ak Partinin h\u00fck\u00fcmetinin anayasaya sunmu\u015f olduklar\u0131 de\u011fi\u015fiklik paketine de\u011finen ba\u015fak, T\u00fcrkiye i\u00e7in de\u011fi\u015fikli\u011fin olumlu olaca\u011f\u0131n\u0131 vurgulad\u0131.<\/div>\n<div>\u00d6te yandan \u00e7al\u0131\u015fmalar\u0131 t\u00fcm h\u0131z\u0131yla devam eden G\u00fcneydo\u011fu Anadolu Projesi &lsquo;GAP&rsquo; a yap\u0131lan yat\u0131r\u0131mlar sonucu T\u00fcrkiye&rsquo;de i\u015fsizli\u011fin sona erece\u011fini s\u00f6yledi.<\/div>\n","protected":false},"excerpt":{"rendered":"<p>Ak Parti \u015eanl\u0131urfa Milletvekili Ramazan Ba\u015fak bug\u00fcn sabah saatlerinde, Tv8&rsquo;in &lsquo;Ba\u015fkentten&rsquo; program\u0131na konuk oldu. &nbsp; Ak Parti \u015eanl\u0131urfa Milletvekili Ramazan Ba\u015fak bug\u00fcn sabah saatlerinde, tv8&rsquo;in &lsquo;Ba\u015fkentten&rsquo; program\u0131na konuk oldu. Erkan Tan&rsquo;\u0131n sundu\u011fu &lsquo;Ba\u015fkentten&rsquo; program\u0131na kat\u0131lan Ak Parti \u015eanl\u0131urfa Milletvekili Ramazan Ba\u015fak, g\u00fcndemle ilgili konulara de\u011finerek Tan&rsquo;\u0131n sorular\u0131n\u0131 cevaplad\u0131. Ak Partinin h\u00fck\u00fcmetinin anayasaya sunmu\u015f olduklar\u0131 de\u011fi\u015fiklik &hellip;<\/p>\n","protected":false},"author":2,"featured_media":252,"comment_status":"open","ping_status":"open","sticky":false,"template":"","format":"standard","meta":{"footnotes":""},"categories":[8],"tags":[],"class_list":["post-253","post","type-post","status-publish","format-standard","has-post-thumbnail","hentry","category-haberler-haberler"],"_links":{"self":[{"href":"https:\/\/www.ramazanbasak.com.tr\/index.php?rest_route=\/wp\/v2\/posts\/253","targetHints":{"allow":["GET"]}}],"collection":[{"href":"https:\/\/www.ramazanbasak.com.tr\/index.php?rest_route=\/wp\/v2\/posts"}],"about":[{"href":"https:\/\/www.ramazanbasak.com.tr\/index.php?rest_route=\/wp\/v2\/types\/post"}],"author":[{"embeddable":true,"href":"https:\/\/www.ramazanbasak.com.tr\/index.php?rest_route=\/wp\/v2\/users\/2"}],"replies":[{"embeddable":true,"href":"https:\/\/www.ramazanbasak.com.tr\/index.php?rest_route=%2Fwp%2Fv2%2Fcomments&post=253"}],"version-history":[{"count":0,"href":"https:\/\/www.ramazanbasak.com.tr\/index.php?rest_route=\/wp\/v2\/posts\/253\/revisions"}],"wp:featuredmedia":[{"embeddable":true,"href":"https:\/\/www.ramazanbasak.com.tr\/index.php?rest_route=\/wp\/v2\/media\/252"}],"wp:attachment":[{"href":"https:\/\/www.ramazanbasak.com.tr\/index.php?rest_route=%2Fwp%2Fv2%2Fmedia&parent=253"}],"wp:term":[{"taxonomy":"category","embeddable":true,"href":"https:\/\/www.ramazanbasak.com.tr\/index.php?rest_route=%2Fwp%2Fv2%2Fcategories&post=253"},{"taxonomy":"post_tag","embeddable":true,"href":"https:\/\/www.ramazanbasak.com.tr\/index.php?rest_route=%2Fwp%2Fv2%2Ftags&post=253"}],"curies":[{"name":"wp","href":"https:\/\/api.w.org\/{rel}","templated":true}]}}