{"id":254,"date":"2010-04-20T22:00:00","date_gmt":"2010-04-20T19:00:00","guid":{"rendered":"https:\/\/www.ramazanbasak.com.tr\/basak-urfa-ya-hayirli-olsun"},"modified":"2010-04-20T22:00:00","modified_gmt":"2010-04-20T19:00:00","slug":"basak-urfa-ya-hayirli-olsun","status":"publish","type":"post","link":"https:\/\/www.ramazanbasak.com.tr\/?p=254","title":{"rendered":"BA\u015eAK: URFA&#8217; YA HAYIRLI OLSUN&#8230;"},"content":{"rendered":"<p><img loading=\"lazy\" decoding=\"async\" class=\" alignleft size-full wp-image-243\" align=\"left\" width=\"200\" height=\"135\" alt=\"\" src=\"https:\/\/www.ramazanbasak.com.tr\/wp-content\/uploads\/2010\/03\/umre.bmp\" \/><\/p>\n<p><strong>Ak Parti \u015eanl\u0131urfa Mv. Ramazan Ba\u015fak 40 y\u0131ll\u0131k hasretin bitti\u011fini \u015eanl\u0131urfa merkez, Ak\u00e7akale, Birecik, Bozova ve Suru\u00e7 ve k\u00f6ylerini kapsayan toplula\u015ft\u0131rma ihalesinin tamamland\u0131\u011f\u0131 m\u00fcjdesini verdi.  <!--more-->  <\/strong><\/p>\n<p>&nbsp;<\/p>\n<div><span style=\"color: #313131\">Toplula\u015ft\u0131rman\u0131n ba\u015flamas\u0131yla birlikte gerek tarla i\u00e7i yol yap\u0131m\u0131, gerek harita i\u015fleri, gerek hafriyat, gerekse nakliyat i\u015flerinin olmas\u0131yla Suru\u00e7 ekonomisine b\u00fcy\u00fck katk\u0131s\u0131 sa\u011flayacak toplula\u015ft\u0131rmay\u0131 de\u011ferlendiren Ba\u015fak; \u015eanl\u0131urfa merkez, Ak\u00e7akale merkez, Birecik merkez, Bozova merkez ve Suru\u00e7 merkez ve k\u00f6yleri i\u00e7in \u00e7ok b\u00fcy\u00fck \u00f6nem arz eden toplula\u015ft\u0131rma da 6. ve 7. k\u0131s\u0131m ihalelerinin tamamland\u0131\u011f\u0131 haberini verdi. Ba\u015fak, teklifleri kabul edilen Pehlivan+Asil konsorsiyumu ile Bor A.\u015e. firmalar\u0131n\u0131n toplula\u015ft\u0131rmaya ba\u015flayacaklar\u0131n\u0131 bildirdi.&nbsp;<\/span><br \/> &nbsp;<\/div>\n<div><span style=\"color: #313131\">6. K\u0131s\u0131mda <\/span><span style=\"color: black\">55.056 Ha<\/span><span style=\"color: black\"> Alanda Arazi Toplula\u015ft\u0131rmas\u0131 ve 1.170 Km Tarlai\u00e7i Yol Yap\u0131m\u0131 yap\u0131lacak olan \u015eanl\u0131urfa<\/span><span style=\"color: black\">Merkez Ge\u00e7it, Kaplan, Karata\u015f, K\u0131rkma\u011fara, Olukyan\u0131, Suru\u00e7 \u0130l\u00e7esi Merkez, Ak\u00f6ren,K\u00fc\u00e7\u00fck Kendirci,Yukar\u0131 Aybast\u0131,Alanyurt, A.Oylum, Aybast\u0131, Bilge, Binatl\u0131, Boztepe, B\u00fcy\u00fcksergen, B\u00fcy\u00fckziyaret, Yal\u0131nca, Yalp\u0131, Yat\u0131rtepe, Y\u0131ld\u0131z, Yo\u011furt\u00e7u, Yolcular, Y\u00f6nl\u00fc, \u00c7anak\u00e7\u0131, Karah\u00f6y\u00fck, \u00c7aykara, Karak\u00f6y, \u00c7engelli, Keberli, Dinlence, K\u0131z\u0131lh\u00fcy\u00fck, Ekili, K\u00f6seler, Eskice, K\u00fc\u00e7\u00fcksergen, G\u00f6le\u00e7, K\u00fc\u00e7\u00fckziyaret, H\u00fcy\u00fckyan\u0131,Yaz\u0131k\u00f6y,Kurutepe, Kap\u0131c\u0131, Mertismail, Oymakl\u0131, Top\u00e7ular, \u00dcvecik, Karadut, Mollahamza, \u00d6zl\u00fcce, \u00dc\u00e7p\u0131nar, Uysall\u0131, \u00d6l\u00e7ektepe, Onbirnisan, Tav\u015fan, Ulud\u00fcz, Uzg\u00f6ren K\u00f6yleriyle, 7. k\u0131s\u0131m da yer alan&nbsp;45.317 ha alanda arazi toplula\u015ft\u0131rmas\u0131&nbsp;ve 650 km tarlai\u00e7i yol yap\u0131m\u0131 kapsam\u0131ndaki \u015eanl\u0131urfa \u0130li Merkez Alt\u0131nba\u015fak, A\u015fa\u011f\u0131hamedan, Atl\u0131konak k\u00f6yleri, Ak\u00e7akale \u0130l\u00e7esi U\u011furta\u015f, Boybeyi, Yusufbey, Milk\u00f6y, \u00c7ak\u0131rlar, Yediyol, \u015eehitNusret, B\u00fcy\u00fcknaneli, Edebey, Dorumali,Ya\u011fmuralan,Nimet,G\u00fcnda\u015f ve G\u00fcven\u00e7 k\u00f6ylerinin yap\u0131m i\u015fleri ger\u00e7ekle\u015ftirilecektir.<\/span><br \/> &nbsp;<\/div>\n<div>Ba\u015fak, \u00e7ok \u00e7al\u0131\u015ft\u0131klar\u0131n\u0131 projeleri teker teker hayata ge\u00e7irdiklerini ve hem\u015ferilerine hediye etmekten b\u00fcy\u00fck gurur duyduklar\u0131n\u0131, bu sebeple projede eme\u011fi ge\u00e7en herkese \u00e7ok te\u015fekk\u00fcr ettiklerini ifade etti. Toplula\u015ft\u0131rma olsun, sulama kanallar\u0131 olsun kendi iktidarlar\u0131 d\u00f6neminde temellerini att\u0131klar\u0131n\u0131, ba\u015fta say\u0131n ba\u015fbakan olmak \u00fczere h\u00fck\u00fcmetin \u00e7ok b\u00fcy\u00fck deste\u011finin oldu\u011funu s\u00f6yleyen Ba\u015fak, daha \u00f6nce g\u00fcneydo\u011fu ve do\u011fudan yap\u0131lan g\u00f6r\u00fcnt\u00fc siyasetini kendilerinin yapmad\u0131klar\u0131n\u0131, Ak Partinin siyaset pe\u015finde de\u011fil hizmet pe\u015finde oldu\u011funu ve bu konuda gelecek her t\u00fcrl\u00fc deste\u011fin, kimden geldi\u011fine bakmadan kabul edeceklerini s\u00f6yledi.&nbsp;Geli\u015fmemi\u015fli\u011fi a\u015fmak istediklerini, \u00e7izilen k\u00f6t\u00fc imaj\u0131 de\u011fi\u015ftirmek i\u00e7in ellerinden geleni yap\u0131yor olduklar\u0131n\u0131 s\u00f6yledi. B\u00f6lgenin bu projelerin bitimiyle cazibe merkezi olaca\u011f\u0131n\u0131 i\u015fsizli\u011fin, g\u00f6\u00e7\u00fcn azalaca\u011f\u0131n\u0131 hatta geri d\u00f6n\u00fc\u015flerin ger\u00e7ekle\u015fece\u011fini ifade eden Ba\u015fak, ekonominin geli\u015fmesiyle, paran\u0131n b\u00f6lgeye girmesiyle yoklu\u011fun ve yoksullu\u011fun \u00f6n\u00fcne ge\u00e7eceklerini, ter\u00f6r\u00fcn an\u0131lmayaca\u011f\u0131n\u0131 b\u00f6ylelikle&nbsp;b\u00f6lgede ter\u00f6re yat\u0131r\u0131lan paran\u0131n da yine b\u00f6lgeye ve b\u00f6lge halk\u0131na kazand\u0131r\u0131laca\u011f\u0131n\u0131 s\u00f6zlerine ekledi. Ba\u015fak, \u015eanl\u0131urfa i\u00e7in \u00e7al\u0131\u015ft\u0131klar\u0131n\u0131 siyasette ve siyasetten sonra da ayn\u0131 h\u0131z ve azimle \u00e7al\u0131\u015fmaya devam edeceklerini, hi\u00e7bir \u015feyin kendilerini y\u0131ld\u0131ramayaca\u011f\u0131n\u0131, hem\u015ferilerinin i\u00e7ini rahat olmas\u0131n\u0131 kendilerinin her zaman onlar\u0131n hizmetinde oldu\u011funu s\u00f6yleyen Ba\u015fak, bu vesileyle b\u00fct\u00fcn hem\u015ferilerine selam, sayg\u0131 ve h\u00fcrmetlerini sundu.<\/div>\n","protected":false},"excerpt":{"rendered":"<p>Ak Parti \u015eanl\u0131urfa Mv. Ramazan Ba\u015fak 40 y\u0131ll\u0131k hasretin bitti\u011fini \u015eanl\u0131urfa merkez, Ak\u00e7akale, Birecik, Bozova ve Suru\u00e7 ve k\u00f6ylerini kapsayan toplula\u015ft\u0131rma ihalesinin tamamland\u0131\u011f\u0131 m\u00fcjdesini verdi. &nbsp; Toplula\u015ft\u0131rman\u0131n ba\u015flamas\u0131yla birlikte gerek tarla i\u00e7i yol yap\u0131m\u0131, gerek harita i\u015fleri, gerek hafriyat, gerekse nakliyat i\u015flerinin olmas\u0131yla Suru\u00e7 ekonomisine b\u00fcy\u00fck katk\u0131s\u0131 sa\u011flayacak toplula\u015ft\u0131rmay\u0131 de\u011ferlendiren Ba\u015fak; \u015eanl\u0131urfa merkez, Ak\u00e7akale merkez, &hellip;<\/p>\n","protected":false},"author":2,"featured_media":243,"comment_status":"open","ping_status":"open","sticky":false,"template":"","format":"standard","meta":{"footnotes":""},"categories":[8],"tags":[],"class_list":["post-254","post","type-post","status-publish","format-standard","has-post-thumbnail","hentry","category-haberler-haberler"],"_links":{"self":[{"href":"https:\/\/www.ramazanbasak.com.tr\/index.php?rest_route=\/wp\/v2\/posts\/254","targetHints":{"allow":["GET"]}}],"collection":[{"href":"https:\/\/www.ramazanbasak.com.tr\/index.php?rest_route=\/wp\/v2\/posts"}],"about":[{"href":"https:\/\/www.ramazanbasak.com.tr\/index.php?rest_route=\/wp\/v2\/types\/post"}],"author":[{"embeddable":true,"href":"https:\/\/www.ramazanbasak.com.tr\/index.php?rest_route=\/wp\/v2\/users\/2"}],"replies":[{"embeddable":true,"href":"https:\/\/www.ramazanbasak.com.tr\/index.php?rest_route=%2Fwp%2Fv2%2Fcomments&post=254"}],"version-history":[{"count":0,"href":"https:\/\/www.ramazanbasak.com.tr\/index.php?rest_route=\/wp\/v2\/posts\/254\/revisions"}],"wp:featuredmedia":[{"embeddable":true,"href":"https:\/\/www.ramazanbasak.com.tr\/index.php?rest_route=\/wp\/v2\/media\/243"}],"wp:attachment":[{"href":"https:\/\/www.ramazanbasak.com.tr\/index.php?rest_route=%2Fwp%2Fv2%2Fmedia&parent=254"}],"wp:term":[{"taxonomy":"category","embeddable":true,"href":"https:\/\/www.ramazanbasak.com.tr\/index.php?rest_route=%2Fwp%2Fv2%2Fcategories&post=254"},{"taxonomy":"post_tag","embeddable":true,"href":"https:\/\/www.ramazanbasak.com.tr\/index.php?rest_route=%2Fwp%2Fv2%2Ftags&post=254"}],"curies":[{"name":"wp","href":"https:\/\/api.w.org\/{rel}","templated":true}]}}