{"id":256,"date":"2010-04-28T22:00:00","date_gmt":"2010-04-28T19:00:00","guid":{"rendered":"https:\/\/www.ramazanbasak.com.tr\/basak-radev-urfa-ya-davet-etti"},"modified":"2010-04-28T22:00:00","modified_gmt":"2010-04-28T19:00:00","slug":"basak-radev-urfa-ya-davet-etti","status":"publish","type":"post","link":"https:\/\/www.ramazanbasak.com.tr\/?p=256","title":{"rendered":"BA\u015eAK RADEV&#8217; URFA&#8217; YA DAVET ETT\u0130&#8230;"},"content":{"rendered":"<p><img loading=\"lazy\" decoding=\"async\" class=\" alignleft size-full wp-image-255\" align=\"left\" width=\"400\" height=\"268\" alt=\"\" src=\"https:\/\/www.ramazanbasak.com.tr\/wp-content\/uploads\/2010\/04\/radev.jpg\" srcset=\"https:\/\/www.ramazanbasak.com.tr\/wp-content\/uploads\/2010\/04\/radev.jpg 480w, https:\/\/www.ramazanbasak.com.tr\/wp-content\/uploads\/2010\/04\/radev-300x201.jpg 300w\" sizes=\"auto, (max-width: 400px) 100vw, 400px\" \/><strong>Ak Parti \u015eanl\u0131urfa Miletvekili Ramazan Ba\u015fak \u00f6d\u00fcllere doymuyor. Ba\u015fak hem \u00f6d\u00fcl ald\u0131 hemde \u00f6d\u00fcl verdi.  <!--more-->  <\/strong><\/p>\n<p>T\u00fcrkiye&rsquo; de t\u00fcm yerel ve ulusal radyolar\u0131n en \u00fcst temsilcisi olan RADEV ( Radyo Evi ) in d\u00fczenlemi\u015f oldu\u011fu \u00f6d\u00fcl t\u00f6renine kat\u0131lan Ak Parti \u015eanl\u0131urfa Milletvekili Ramazan Ba\u015fak hem \u00f6d\u00fcl ald\u0131, hem \u00f6d\u00fcl verdi. <br \/> Geceye Amerika, \u0130ngiltere, Almanya, K\u0131br\u0131s, Azerbaycan&rsquo;dan da kat\u0131l\u0131mlar oldu. Milletvekili Ramazan Ba\u015fak&rsquo;\u0131n yan\u0131 s\u0131ra gecede Ankara milletvekili Burhan Kayat\u00fcrk, \u015eair Ahmet Sel\u00e7uk \u0130lkan, sunucu Ay\u015fe Egesoy, ses sanat\u00e7\u0131lar\u0131 Hakan Ta\u015f\u0131yan, Y\u0131lmaz Morg\u00fcl , Azerbaycan B\u00fcy\u00fckel\u00e7isi ve bir\u00e7ok \u00fcnl\u00fc isim \u00f6d\u00fcle lay\u0131k g\u00f6r\u00fcld\u00fc. <br \/> K\u0131sa bir konu\u015fma da yapan Ba\u015fak, RADEV&rsquo; e b\u00f6yle bir \u00f6d\u00fcle lay\u0131k g\u00f6r\u00fcld\u00fc\u011f\u00fc i\u00e7in te\u015fekk\u00fcr ederken \u00f6d\u00fcl alan herkesi tebrik etti. Her zaman hem\u015ferilerine ve b\u00f6lgesine kendi alan\u0131nda daha iyi hizmet edece\u011fini, \u015eanl\u0131urfa ve T\u00fcrkiye&rsquo;nin \u00e7a\u011fda\u015f bir seviyeye ula\u015fmas\u0131 i\u00e7in siyaset alan\u0131nda elinden gelenin en iyisini yapt\u0131\u011f\u0131n\u0131 ve bundan sonra da hi\u00e7bir fedakarl\u0131ktan ka\u00e7\u0131nmayaca\u011f\u0131n\u0131 s\u00f6zlerine eklerken, geceye kat\u0131lanlar\u0131n muhakkak peygamberler \u015fehri \u015eanl\u0131urfa&rsquo; y\u0131 g\u00f6rmeleri gerekti\u011fini, kendilerini kendisinin ve hem\u015ferilerinin en iyi \u015fekilde a\u011f\u0131rlayaca\u011f\u0131n\u0131 s\u00f6yleyerek konu\u015fmas\u0131na son verdi.<\/p>\n","protected":false},"excerpt":{"rendered":"<p>Ak Parti \u015eanl\u0131urfa Miletvekili Ramazan Ba\u015fak \u00f6d\u00fcllere doymuyor. Ba\u015fak hem \u00f6d\u00fcl ald\u0131 hemde \u00f6d\u00fcl verdi. T\u00fcrkiye&rsquo; de t\u00fcm yerel ve ulusal radyolar\u0131n en \u00fcst temsilcisi olan RADEV ( Radyo Evi ) in d\u00fczenlemi\u015f oldu\u011fu \u00f6d\u00fcl t\u00f6renine kat\u0131lan Ak Parti \u015eanl\u0131urfa Milletvekili Ramazan Ba\u015fak hem \u00f6d\u00fcl ald\u0131, hem \u00f6d\u00fcl verdi. Geceye Amerika, \u0130ngiltere, Almanya, K\u0131br\u0131s, Azerbaycan&rsquo;dan &hellip;<\/p>\n","protected":false},"author":2,"featured_media":255,"comment_status":"open","ping_status":"open","sticky":false,"template":"","format":"standard","meta":{"footnotes":""},"categories":[8],"tags":[],"class_list":["post-256","post","type-post","status-publish","format-standard","has-post-thumbnail","hentry","category-haberler-haberler"],"_links":{"self":[{"href":"https:\/\/www.ramazanbasak.com.tr\/index.php?rest_route=\/wp\/v2\/posts\/256","targetHints":{"allow":["GET"]}}],"collection":[{"href":"https:\/\/www.ramazanbasak.com.tr\/index.php?rest_route=\/wp\/v2\/posts"}],"about":[{"href":"https:\/\/www.ramazanbasak.com.tr\/index.php?rest_route=\/wp\/v2\/types\/post"}],"author":[{"embeddable":true,"href":"https:\/\/www.ramazanbasak.com.tr\/index.php?rest_route=\/wp\/v2\/users\/2"}],"replies":[{"embeddable":true,"href":"https:\/\/www.ramazanbasak.com.tr\/index.php?rest_route=%2Fwp%2Fv2%2Fcomments&post=256"}],"version-history":[{"count":0,"href":"https:\/\/www.ramazanbasak.com.tr\/index.php?rest_route=\/wp\/v2\/posts\/256\/revisions"}],"wp:featuredmedia":[{"embeddable":true,"href":"https:\/\/www.ramazanbasak.com.tr\/index.php?rest_route=\/wp\/v2\/media\/255"}],"wp:attachment":[{"href":"https:\/\/www.ramazanbasak.com.tr\/index.php?rest_route=%2Fwp%2Fv2%2Fmedia&parent=256"}],"wp:term":[{"taxonomy":"category","embeddable":true,"href":"https:\/\/www.ramazanbasak.com.tr\/index.php?rest_route=%2Fwp%2Fv2%2Fcategories&post=256"},{"taxonomy":"post_tag","embeddable":true,"href":"https:\/\/www.ramazanbasak.com.tr\/index.php?rest_route=%2Fwp%2Fv2%2Ftags&post=256"}],"curies":[{"name":"wp","href":"https:\/\/api.w.org\/{rel}","templated":true}]}}