{"id":257,"date":"2010-04-30T22:00:00","date_gmt":"2010-04-30T19:00:00","guid":{"rendered":"https:\/\/www.ramazanbasak.com.tr\/basak-isci-bayramini-kutladi"},"modified":"2010-04-30T22:00:00","modified_gmt":"2010-04-30T19:00:00","slug":"basak-isci-bayramini-kutladi","status":"publish","type":"post","link":"https:\/\/www.ramazanbasak.com.tr\/?p=257","title":{"rendered":"BA\u015eAK \u0130\u015e\u00c7\u0130 BAYRAMINI KUTLADI.."},"content":{"rendered":"<p><img loading=\"lazy\" decoding=\"async\" class=\" alignleft size-full wp-image-194\" align=\"left\" width=\"200\" height=\"138\" alt=\"\" src=\"https:\/\/www.ramazanbasak.com.tr\/wp-content\/uploads\/2010\/01\/12256.jpg\" \/><\/p>\n<p>&nbsp;&nbsp; <strong>Ak Parti \u015eanl\u0131urfa Milletvekili Ramazan Ba\u015fak 1 may\u0131s i\u015f\u00e7i bayram\u0131 olmas\u0131ndan dolay\u0131 i\u015f\u00e7ilerin bayram\u0131n\u0131 kutlad\u0131.  <!--more-->  <\/strong><\/p>\n<p>AK Parti \u015eanl\u0131urfa Milletvekili Ramazan Ba\u015fak, Emek ve Dayan\u0131\u015fma Bayram\u0131n\u0131 kutlayarak, &quot;1 May\u0131s&#8217;\u0131 birlik, beraberlik ve ter\u00f6re kar\u015f\u0131 bir dayan\u0131\u015fma g\u00fcn\u00fcne \u00e7evirmemiz gerekti\u011fine inan\u0131yorum&quot; diyerek, 1 May\u0131s Emek ve Dayan\u0131\u015fma Bayram\u0131 olmas\u0131 nedeniyle bir a\u00e7\u0131klama yaparak, Atat\u00fcrk&#8217;\u00fcn g\u00f6sterdi\u011fi \u00e7a\u011fda\u015f uygarl\u0131k d\u00fczeyine ula\u015fma yolunda h\u0131zla ilerleyen T\u00fcrkiye&#8217;nin, en b\u00fcy\u00fck destek\u00e7ilerinin ba\u015f\u0131nda Ak Parti h\u00fck\u00fcmeti ve \u00e7al\u0131\u015fanlar\u0131n geldi\u011fini kaydetti.<\/p>\n","protected":false},"excerpt":{"rendered":"<p>&nbsp;&nbsp; Ak Parti \u015eanl\u0131urfa Milletvekili Ramazan Ba\u015fak 1 may\u0131s i\u015f\u00e7i bayram\u0131 olmas\u0131ndan dolay\u0131 i\u015f\u00e7ilerin bayram\u0131n\u0131 kutlad\u0131. AK Parti \u015eanl\u0131urfa Milletvekili Ramazan Ba\u015fak, Emek ve Dayan\u0131\u015fma Bayram\u0131n\u0131 kutlayarak, &quot;1 May\u0131s&#8217;\u0131 birlik, beraberlik ve ter\u00f6re kar\u015f\u0131 bir dayan\u0131\u015fma g\u00fcn\u00fcne \u00e7evirmemiz gerekti\u011fine inan\u0131yorum&quot; diyerek, 1 May\u0131s Emek ve Dayan\u0131\u015fma Bayram\u0131 olmas\u0131 nedeniyle bir a\u00e7\u0131klama yaparak, Atat\u00fcrk&#8217;\u00fcn g\u00f6sterdi\u011fi \u00e7a\u011fda\u015f &hellip;<\/p>\n","protected":false},"author":2,"featured_media":194,"comment_status":"open","ping_status":"open","sticky":false,"template":"","format":"standard","meta":{"footnotes":""},"categories":[8],"tags":[],"class_list":["post-257","post","type-post","status-publish","format-standard","has-post-thumbnail","hentry","category-haberler-haberler"],"_links":{"self":[{"href":"https:\/\/www.ramazanbasak.com.tr\/index.php?rest_route=\/wp\/v2\/posts\/257","targetHints":{"allow":["GET"]}}],"collection":[{"href":"https:\/\/www.ramazanbasak.com.tr\/index.php?rest_route=\/wp\/v2\/posts"}],"about":[{"href":"https:\/\/www.ramazanbasak.com.tr\/index.php?rest_route=\/wp\/v2\/types\/post"}],"author":[{"embeddable":true,"href":"https:\/\/www.ramazanbasak.com.tr\/index.php?rest_route=\/wp\/v2\/users\/2"}],"replies":[{"embeddable":true,"href":"https:\/\/www.ramazanbasak.com.tr\/index.php?rest_route=%2Fwp%2Fv2%2Fcomments&post=257"}],"version-history":[{"count":0,"href":"https:\/\/www.ramazanbasak.com.tr\/index.php?rest_route=\/wp\/v2\/posts\/257\/revisions"}],"wp:featuredmedia":[{"embeddable":true,"href":"https:\/\/www.ramazanbasak.com.tr\/index.php?rest_route=\/wp\/v2\/media\/194"}],"wp:attachment":[{"href":"https:\/\/www.ramazanbasak.com.tr\/index.php?rest_route=%2Fwp%2Fv2%2Fmedia&parent=257"}],"wp:term":[{"taxonomy":"category","embeddable":true,"href":"https:\/\/www.ramazanbasak.com.tr\/index.php?rest_route=%2Fwp%2Fv2%2Fcategories&post=257"},{"taxonomy":"post_tag","embeddable":true,"href":"https:\/\/www.ramazanbasak.com.tr\/index.php?rest_route=%2Fwp%2Fv2%2Ftags&post=257"}],"curies":[{"name":"wp","href":"https:\/\/api.w.org\/{rel}","templated":true}]}}