{"id":259,"date":"2010-05-04T22:00:00","date_gmt":"2010-05-04T19:00:00","guid":{"rendered":"https:\/\/www.ramazanbasak.com.tr\/basak-8-maddeyi-degerlendirdi"},"modified":"2010-05-04T22:00:00","modified_gmt":"2010-05-04T19:00:00","slug":"basak-8-maddeyi-degerlendirdi","status":"publish","type":"post","link":"https:\/\/www.ramazanbasak.com.tr\/?p=259","title":{"rendered":"BA\u015eAK 8. MADDEY\u0130 DE\u011eERLEND\u0130RD\u0130."},"content":{"rendered":"<p><img loading=\"lazy\" decoding=\"async\" class=\" alignleft size-full wp-image-258\" align=\"left\" width=\"200\" height=\"161\" alt=\"\" src=\"https:\/\/www.ramazanbasak.com.tr\/wp-content\/uploads\/2010\/05\/sestvhaber.jpg\" \/><\/p>\n<p>&nbsp;<strong>Ak Parti \u015eanl\u0131urfa Milletvekili Ramazan Ba\u015fak Ses Tv&#8217;nin haberlerine kat\u0131larak Anayasa de\u011fi\u015fikli\u011fini yorumlad\u0131.  <!--more-->  <\/strong><\/p>\n<p><strong> <\/p>\n<p>Ak Parti \u015eanl\u0131urfa Milletvekili&nbsp; Ramazan Ba\u015fak Ses Tv&#8217;nin haberlerine kat\u0131larak Anayasa de\u011fi\u015fikli\u011fini yorumlad\u0131.<\/p>\n<p> Ak Parti \u015eanl\u0131urfa Milletvekili&nbsp; Ramazan Ba\u015fak, Anayasa Paketinin de\u011fi\u015fmesinin t\u00fcm T\u00fcrkiye i\u00e7in hay\u0131rl\u0131 olaca\u011f\u0131n\u0131 belirterek, Anayasa Paketi i\u00e7in kullan\u0131lan&nbsp;oylamalarda verilen oylarda fire \u00e7\u0131kmas\u0131&nbsp;sonucu d\u00fc\u015fen 8. madde parti kapatma olay\u0131n\u0131 de\u011ferlendirerek, kendisinde bir g\u00fcneydo\u011fu b\u00f6lgesinden gelen bir milletvekili oldu\u011funu bu \u00fclkede demokrasinin tam oturmas\u0131ndan yana olduklar\u0131n\u0131, bu \u00fclke i\u00e7in hizmet etmeye geldiklerini ve devam edeceklerini belirtti.<br \/> &nbsp;<\/p>\n<p> <\/strong><\/p>\n","protected":false},"excerpt":{"rendered":"<p>&nbsp;Ak Parti \u015eanl\u0131urfa Milletvekili Ramazan Ba\u015fak Ses Tv&#8217;nin haberlerine kat\u0131larak Anayasa de\u011fi\u015fikli\u011fini yorumlad\u0131. Ak Parti \u015eanl\u0131urfa Milletvekili&nbsp; Ramazan Ba\u015fak Ses Tv&#8217;nin haberlerine kat\u0131larak Anayasa de\u011fi\u015fikli\u011fini yorumlad\u0131. Ak Parti \u015eanl\u0131urfa Milletvekili&nbsp; Ramazan Ba\u015fak, Anayasa Paketinin de\u011fi\u015fmesinin t\u00fcm T\u00fcrkiye i\u00e7in hay\u0131rl\u0131 olaca\u011f\u0131n\u0131 belirterek, Anayasa Paketi i\u00e7in kullan\u0131lan&nbsp;oylamalarda verilen oylarda fire \u00e7\u0131kmas\u0131&nbsp;sonucu d\u00fc\u015fen 8. madde parti kapatma olay\u0131n\u0131 &hellip;<\/p>\n","protected":false},"author":2,"featured_media":258,"comment_status":"open","ping_status":"open","sticky":false,"template":"","format":"standard","meta":{"footnotes":""},"categories":[8],"tags":[],"class_list":["post-259","post","type-post","status-publish","format-standard","has-post-thumbnail","hentry","category-haberler-haberler"],"_links":{"self":[{"href":"https:\/\/www.ramazanbasak.com.tr\/index.php?rest_route=\/wp\/v2\/posts\/259","targetHints":{"allow":["GET"]}}],"collection":[{"href":"https:\/\/www.ramazanbasak.com.tr\/index.php?rest_route=\/wp\/v2\/posts"}],"about":[{"href":"https:\/\/www.ramazanbasak.com.tr\/index.php?rest_route=\/wp\/v2\/types\/post"}],"author":[{"embeddable":true,"href":"https:\/\/www.ramazanbasak.com.tr\/index.php?rest_route=\/wp\/v2\/users\/2"}],"replies":[{"embeddable":true,"href":"https:\/\/www.ramazanbasak.com.tr\/index.php?rest_route=%2Fwp%2Fv2%2Fcomments&post=259"}],"version-history":[{"count":0,"href":"https:\/\/www.ramazanbasak.com.tr\/index.php?rest_route=\/wp\/v2\/posts\/259\/revisions"}],"wp:featuredmedia":[{"embeddable":true,"href":"https:\/\/www.ramazanbasak.com.tr\/index.php?rest_route=\/wp\/v2\/media\/258"}],"wp:attachment":[{"href":"https:\/\/www.ramazanbasak.com.tr\/index.php?rest_route=%2Fwp%2Fv2%2Fmedia&parent=259"}],"wp:term":[{"taxonomy":"category","embeddable":true,"href":"https:\/\/www.ramazanbasak.com.tr\/index.php?rest_route=%2Fwp%2Fv2%2Fcategories&post=259"},{"taxonomy":"post_tag","embeddable":true,"href":"https:\/\/www.ramazanbasak.com.tr\/index.php?rest_route=%2Fwp%2Fv2%2Ftags&post=259"}],"curies":[{"name":"wp","href":"https:\/\/api.w.org\/{rel}","templated":true}]}}