{"id":261,"date":"2010-05-05T22:00:00","date_gmt":"2010-05-05T19:00:00","guid":{"rendered":"https:\/\/www.ramazanbasak.com.tr\/basak-son-surat-calisiyoruz"},"modified":"2010-05-05T22:00:00","modified_gmt":"2010-05-05T19:00:00","slug":"basak-son-surat-calisiyoruz","status":"publish","type":"post","link":"https:\/\/www.ramazanbasak.com.tr\/?p=261","title":{"rendered":"BA\u015eAK &#8216;SON S\u00dcRAT \u00c7ALI\u015eIYORUZ.&#8217;"},"content":{"rendered":"<p><img loading=\"lazy\" decoding=\"async\" class=\" alignleft size-full wp-image-260\" align=\"left\" width=\"200\" height=\"160\" alt=\"\" src=\"https:\/\/www.ramazanbasak.com.tr\/wp-content\/uploads\/2010\/05\/trthaber.jpg\" \/><\/p>\n<p><strong>Ak Parti \u015eanl\u0131urfa Milletvekili Ramazan Ba\u015fak TRThaber &#8216;Sabah Haberleri&#8217; program\u0131na kat\u0131ld\u0131.<\/strong><\/p>\n<p><p>&nbsp;<\/p>\n<\/p>\n<p><strong> <\/p>\n<div style=\"line-height: normal; margin: 0in 0in 10pt\"><span style=\"color: black; font-size: 10pt\">Ak Parti \u015eanl\u0131urfa Milletvekili Ramazan Ba\u015fak yeni&nbsp;TRTHaber eski TRT 2 kanal\u0131nda sabah haberlerine kat\u0131larak \u00fclke g\u00fcndemine ili\u015fkin konularla ilgili a\u00e7\u0131klamalar yapt\u0131. <!--more-->  <\/span><\/div>\n<div style=\"line-height: normal; margin: 0in 0in 10pt\"><span style=\"color: black; font-size: 10pt\"> <\/p>\n<div style=\"line-height: normal; margin: 0in 0in 10pt\"><span style=\"color: black; font-size: 10pt\">Ak Parti \u015eanl\u0131urfa Milletvekili Ramazan Ba\u015fak, Anayasaya sunduklar\u0131 de\u011fi\u015fiklik paketinin t\u00fcm T\u00fcrkiye i\u00e7in hay\u0131rl\u0131 olaca\u011f\u0131n\u0131 belirterek son s\u00fcrat Milletvekili arkada\u015flar\u0131m\u0131zla \u00e7al\u0131\u015fmalar\u0131m\u0131z\u0131 s\u00fcrd\u00fcr\u00fcyoruz dedi. \u00d6te yandan \u00e7al\u0131\u015fmalar\u0131 halen devam eden G\u00fcneydo\u011fu Anadolu Projesi &#8216;GAP&#8217;ta yap\u0131lan \u00e7al\u0131\u015fmalar\u0131nda herg\u00fcn raporunu alan gece g\u00fcnd\u00fcz&nbsp;i\u015f makinalar\u0131n\u0131n \u00e7al\u0131\u015ft\u0131\u011f\u0131n\u0131 belirten&nbsp;Ba\u015fak \u00e7ok yak\u0131n s\u00fcrede GAP&#8217;\u0131n bitece\u011fini, \u015eanl\u0131urfa i\u00e7inde&nbsp;i\u015fsizli\u011fin bitece\u011fini s\u00f6yledi.<\/span><\/div>\n<p> <\/p>\n<div style=\"line-height: normal; margin: 0in 0in 10pt\"><span style=\"color: black; font-size: 10pt\">Ba\u015fak, d\u00fcn oynan Trabzonspor Fenerbah\u00e7e ma\u00e7\u0131n\u0131da \u015eanl\u0131urfa da oynanmas\u0131 i\u00e7in Ba\u015fbakan Say\u0131n Recep Tayyip Erdo\u011fan&#8217;dan Milletvekili arkada\u015flar\u0131yla birlikte rica ettiklerini neden b\u00f6yle bir ma\u00e7\u0131n GAP arena&#8217;da oynanmas\u0131n diye konu\u015fan Ba\u015fak d\u00fcn oynanan ma\u00e7\u0131 Trabzon kazanm\u0131\u015f olsada \u00f6ncelikle Urfal\u0131 halk\u0131m\u0131z\u0131n kazand\u0131\u011f\u0131n\u0131 belirtti.<\/span><br \/> &nbsp;<\/div>\n<p> <\/span><\/div>\n<p> <\/strong><\/p>\n","protected":false},"excerpt":{"rendered":"<p>Ak Parti \u015eanl\u0131urfa Milletvekili Ramazan Ba\u015fak TRThaber &#8216;Sabah Haberleri&#8217; program\u0131na kat\u0131ld\u0131. &nbsp; Ak Parti \u015eanl\u0131urfa Milletvekili Ramazan Ba\u015fak yeni&nbsp;TRTHaber eski TRT 2 kanal\u0131nda sabah haberlerine kat\u0131larak \u00fclke g\u00fcndemine ili\u015fkin konularla ilgili a\u00e7\u0131klamalar yapt\u0131. Ak Parti \u015eanl\u0131urfa Milletvekili Ramazan Ba\u015fak, Anayasaya sunduklar\u0131 de\u011fi\u015fiklik paketinin t\u00fcm T\u00fcrkiye i\u00e7in hay\u0131rl\u0131 olaca\u011f\u0131n\u0131 belirterek son s\u00fcrat Milletvekili arkada\u015flar\u0131m\u0131zla \u00e7al\u0131\u015fmalar\u0131m\u0131z\u0131 s\u00fcrd\u00fcr\u00fcyoruz &hellip;<\/p>\n","protected":false},"author":2,"featured_media":260,"comment_status":"open","ping_status":"open","sticky":false,"template":"","format":"standard","meta":{"footnotes":""},"categories":[8],"tags":[],"class_list":["post-261","post","type-post","status-publish","format-standard","has-post-thumbnail","hentry","category-haberler-haberler"],"_links":{"self":[{"href":"https:\/\/www.ramazanbasak.com.tr\/index.php?rest_route=\/wp\/v2\/posts\/261","targetHints":{"allow":["GET"]}}],"collection":[{"href":"https:\/\/www.ramazanbasak.com.tr\/index.php?rest_route=\/wp\/v2\/posts"}],"about":[{"href":"https:\/\/www.ramazanbasak.com.tr\/index.php?rest_route=\/wp\/v2\/types\/post"}],"author":[{"embeddable":true,"href":"https:\/\/www.ramazanbasak.com.tr\/index.php?rest_route=\/wp\/v2\/users\/2"}],"replies":[{"embeddable":true,"href":"https:\/\/www.ramazanbasak.com.tr\/index.php?rest_route=%2Fwp%2Fv2%2Fcomments&post=261"}],"version-history":[{"count":0,"href":"https:\/\/www.ramazanbasak.com.tr\/index.php?rest_route=\/wp\/v2\/posts\/261\/revisions"}],"wp:featuredmedia":[{"embeddable":true,"href":"https:\/\/www.ramazanbasak.com.tr\/index.php?rest_route=\/wp\/v2\/media\/260"}],"wp:attachment":[{"href":"https:\/\/www.ramazanbasak.com.tr\/index.php?rest_route=%2Fwp%2Fv2%2Fmedia&parent=261"}],"wp:term":[{"taxonomy":"category","embeddable":true,"href":"https:\/\/www.ramazanbasak.com.tr\/index.php?rest_route=%2Fwp%2Fv2%2Fcategories&post=261"},{"taxonomy":"post_tag","embeddable":true,"href":"https:\/\/www.ramazanbasak.com.tr\/index.php?rest_route=%2Fwp%2Fv2%2Ftags&post=261"}],"curies":[{"name":"wp","href":"https:\/\/api.w.org\/{rel}","templated":true}]}}