{"id":263,"date":"2010-05-09T22:00:00","date_gmt":"2010-05-09T19:00:00","guid":{"rendered":"https:\/\/www.ramazanbasak.com.tr\/basak-kurtce-konustu"},"modified":"2010-05-09T22:00:00","modified_gmt":"2010-05-09T19:00:00","slug":"basak-kurtce-konustu","status":"publish","type":"post","link":"https:\/\/www.ramazanbasak.com.tr\/?p=263","title":{"rendered":"BA\u015eAK K\u00dcRT\u00c7E KONU\u015eTU."},"content":{"rendered":"<p><img loading=\"lazy\" decoding=\"async\" class=\" alignleft size-full wp-image-262\" align=\"left\" width=\"200\" height=\"160\" alt=\"\" src=\"https:\/\/www.ramazanbasak.com.tr\/wp-content\/uploads\/2010\/05\/trte.jpg\" \/><\/p>\n<p><strong>Ak Parti \u015eanl\u0131urfa Milletvekili Ramazan Ba\u015fak Anayasa paketini bu kez vatanda\u015fa k\u00fcrt\u00e7e konu\u015farak de\u011ferlendirdi. <\/strong><\/p>\n<p>&nbsp;<\/p>\n<div style=\"margin: 0in 0in 10pt\">Ak Parti \u015eanl\u0131urfa Milletvekili Ramazan Ba\u015fak, TRT6&rsquo; de yay\u0131nlanan &lsquo;ROJEV&rsquo; program\u0131na kat\u0131larak vatanda\u015fa k\u00fcrt\u00e7e seslendi. <!--more-->  <\/p>\n<p>&nbsp;<\/p>\n<p>&nbsp;<\/p>\n<div style=\"margin: 0in 0in 10pt\">Ak Parti \u015eanl\u0131urfa Milletvekili Ramazan Ba\u015fak, Ak Parti Milletvekilleri i\u00e7erisinde ilk olarak kendisinin bir k\u00fcrt\u00e7e yay\u0131n yapan bir tv program\u0131na&nbsp;kat\u0131larak g\u00fcndem konusu olan &lsquo;Anayasa paketi&rsquo; de\u011fi\u015fikli\u011fi hakk\u0131nda &lsquo;ROJEV&rsquo; program\u0131&nbsp;sunucusu Fetullah Kaya&rsquo;n\u0131n sorular\u0131n\u0131 cevaplad\u0131.<\/div>\n<p>Ba\u015fak &lsquo; Anayasa paketinde bulunan toplam otuz madde bunlar\u0131n hepsi milletimiz i\u00e7in, T\u00fcrkiye&rsquo;de ya\u015fayan&nbsp;yetmi\u015f iki milyon insan\u0131m\u0131z i\u00e7in, hay\u0131rl\u0131 olacakt\u0131r dedi. Ba\u015fak, anayasa paketinde kabul edilmeyen&nbsp;8. Madde parti kapatma kanunu ile ilgilide&nbsp;eksik oylar sonucu fire vermediklerini fakat oylama esnas\u0131nda di\u011fer vekil arkada\u015flar\u0131n\u0131n yanl\u0131\u015f oylamas\u0131ndan dolay\u0131 maddenin kabul edilmedi\u011fini&nbsp;s\u00f6yledi.<\/p>\n<\/p><\/div>\n<p>&nbsp;<\/p>\n","protected":false},"excerpt":{"rendered":"<p>Ak Parti \u015eanl\u0131urfa Milletvekili Ramazan Ba\u015fak Anayasa paketini bu kez vatanda\u015fa k\u00fcrt\u00e7e konu\u015farak de\u011ferlendirdi. &nbsp; Ak Parti \u015eanl\u0131urfa Milletvekili Ramazan Ba\u015fak, TRT6&rsquo; de yay\u0131nlanan &lsquo;ROJEV&rsquo; program\u0131na kat\u0131larak vatanda\u015fa k\u00fcrt\u00e7e seslendi. &nbsp; &nbsp; Ak Parti \u015eanl\u0131urfa Milletvekili Ramazan Ba\u015fak, Ak Parti Milletvekilleri i\u00e7erisinde ilk olarak kendisinin bir k\u00fcrt\u00e7e yay\u0131n yapan bir tv program\u0131na&nbsp;kat\u0131larak g\u00fcndem konusu olan &hellip;<\/p>\n","protected":false},"author":2,"featured_media":262,"comment_status":"open","ping_status":"open","sticky":false,"template":"","format":"standard","meta":{"footnotes":""},"categories":[8],"tags":[],"class_list":["post-263","post","type-post","status-publish","format-standard","has-post-thumbnail","hentry","category-haberler-haberler"],"_links":{"self":[{"href":"https:\/\/www.ramazanbasak.com.tr\/index.php?rest_route=\/wp\/v2\/posts\/263","targetHints":{"allow":["GET"]}}],"collection":[{"href":"https:\/\/www.ramazanbasak.com.tr\/index.php?rest_route=\/wp\/v2\/posts"}],"about":[{"href":"https:\/\/www.ramazanbasak.com.tr\/index.php?rest_route=\/wp\/v2\/types\/post"}],"author":[{"embeddable":true,"href":"https:\/\/www.ramazanbasak.com.tr\/index.php?rest_route=\/wp\/v2\/users\/2"}],"replies":[{"embeddable":true,"href":"https:\/\/www.ramazanbasak.com.tr\/index.php?rest_route=%2Fwp%2Fv2%2Fcomments&post=263"}],"version-history":[{"count":0,"href":"https:\/\/www.ramazanbasak.com.tr\/index.php?rest_route=\/wp\/v2\/posts\/263\/revisions"}],"wp:featuredmedia":[{"embeddable":true,"href":"https:\/\/www.ramazanbasak.com.tr\/index.php?rest_route=\/wp\/v2\/media\/262"}],"wp:attachment":[{"href":"https:\/\/www.ramazanbasak.com.tr\/index.php?rest_route=%2Fwp%2Fv2%2Fmedia&parent=263"}],"wp:term":[{"taxonomy":"category","embeddable":true,"href":"https:\/\/www.ramazanbasak.com.tr\/index.php?rest_route=%2Fwp%2Fv2%2Fcategories&post=263"},{"taxonomy":"post_tag","embeddable":true,"href":"https:\/\/www.ramazanbasak.com.tr\/index.php?rest_route=%2Fwp%2Fv2%2Ftags&post=263"}],"curies":[{"name":"wp","href":"https:\/\/api.w.org\/{rel}","templated":true}]}}