{"id":265,"date":"2010-05-11T22:00:00","date_gmt":"2010-05-11T19:00:00","guid":{"rendered":"https:\/\/www.ramazanbasak.com.tr\/basak-sestv-haberlere-baglanarak-anayasa-paketine-destek-verdi"},"modified":"2010-05-11T22:00:00","modified_gmt":"2010-05-11T19:00:00","slug":"basak-sestv-haberlere-baglanarak-anayasa-paketine-destek-verdi","status":"publish","type":"post","link":"https:\/\/www.ramazanbasak.com.tr\/?p=265","title":{"rendered":"BA\u015eAK SESTV HABERLERE BA\u011eLANARAK, ANAYASA PAKET\u0130NE DESTEK VERD\u0130&#8230;"},"content":{"rendered":"<p><img loading=\"lazy\" decoding=\"async\" class=\" alignleft size-full wp-image-264\" align=\"left\" width=\"200\" height=\"160\" alt=\"\" src=\"https:\/\/www.ramazanbasak.com.tr\/wp-content\/uploads\/2010\/05\/sestv1.jpg\" \/><\/p>\n<p><strong>Ak Parti \u015eanl\u0131urfa Milletvekili Ramazan Ba\u015fak SES TV&#8217;ye telefonla ba\u011flanarak Anayasa de\u011fi\u015fikli\u011fi destekliyoruz&#8230;&#8230;  <!--more-->  <\/strong><\/p>\n<p><strong> <\/p>\n<p>Ak Parti \u015eanl\u0131urfa Milletvekili Ramazan Ba\u015fak SES TV&#8217;nin ak\u015fam ana haberlerine kat\u0131larak, anayasa de\u011fi\u015fikli\u011fini de\u011ferlendirdi.<\/p>\n<p>Vekil Ba\u015fak, &#8216;\u00d6ncelikle anayasa de\u011fi\u015fikli\u011finin yorucu da olsa \u00fclkemize memleketimize yetmi\u015f iki milyon insana hay\u0131rl\u0131 u\u011furlu olmas\u0131n\u0131 diliyorum. bu s\u00fcre\u00e7te t\u00fcm olumsuzluklar\u0131n hi\u00e7 birini yans\u0131tmam \u00e7\u00fcnk\u00fc biz parti olarak olumsuzluklar \u00fczerine de\u011fil memleketimizin ayd\u0131nl\u0131k yar\u0131nlar\u0131 i\u00e7in hay\u0131rl\u0131 olan olumlu olan hareketler \u00fczerine in\u015fa edilmi\u015f bir partiyiz siyasi idarecilerin&nbsp;misyoni temsilcileriyiz. bu kadar olumsuzlu\u011fa ra\u011fmen t\u00fcm siyasi partilerin MHP&#8217;nin CHP&#8217;nin BDP&#8217;nin \u00e7irkinlik kelimesini kullanmak istemiyorum ama t\u00fcm olumsuzlara ra\u011fmen 336 oyla&nbsp;Ak Partinin 336&nbsp;milletvekiliyle kenetlenmesi neticesinde en son t\u00fcm\u00fc \u00fczerine oylamadan sonra bu \u00fclkede her iki ki\u015fiden birinin oyunu alm\u0131\u015f olan&nbsp;say\u0131n Recep Tayyip Erdo\u011fan&#8217;\u0131n&nbsp; Bah\u00e7eli&#8217; ye y\u00f6nelmesi, te\u015fekk\u00fcr i\u00e7in y\u00f6nelmesi el s\u0131k\u0131\u015fmas\u0131 bile bizlerin ne kadar olumlu d\u00fc\u015f\u00fcnd\u00fc\u011f\u00fcn\u00fc k\u00f6t\u00fcleri yanl\u0131\u015flar\u0131 ne kadar k\u0131sa s\u00fcrede unuttu\u011fumuzun g\u00f6stergesidir. Ba\u015fbakan\u0131m\u0131z eminim di\u011fer CHP ve BDP liderlerinin elini de s\u0131kmak isterdi ancak hi\u00e7 biri vekil arkada\u015flar\u0131yla muhalif s\u0131ralar\u0131nda de\u011fildi.&#8217; dedi.<\/p>\n<p> <\/strong><\/p>\n","protected":false},"excerpt":{"rendered":"<p>Ak Parti \u015eanl\u0131urfa Milletvekili Ramazan Ba\u015fak SES TV&#8217;ye telefonla ba\u011flanarak Anayasa de\u011fi\u015fikli\u011fi destekliyoruz&#8230;&#8230; Ak Parti \u015eanl\u0131urfa Milletvekili Ramazan Ba\u015fak SES TV&#8217;nin ak\u015fam ana haberlerine kat\u0131larak, anayasa de\u011fi\u015fikli\u011fini de\u011ferlendirdi. Vekil Ba\u015fak, &#8216;\u00d6ncelikle anayasa de\u011fi\u015fikli\u011finin yorucu da olsa \u00fclkemize memleketimize yetmi\u015f iki milyon insana hay\u0131rl\u0131 u\u011furlu olmas\u0131n\u0131 diliyorum. bu s\u00fcre\u00e7te t\u00fcm olumsuzluklar\u0131n hi\u00e7 birini yans\u0131tmam \u00e7\u00fcnk\u00fc biz &hellip;<\/p>\n","protected":false},"author":2,"featured_media":264,"comment_status":"open","ping_status":"open","sticky":false,"template":"","format":"standard","meta":{"footnotes":""},"categories":[8],"tags":[],"class_list":["post-265","post","type-post","status-publish","format-standard","has-post-thumbnail","hentry","category-haberler-haberler"],"_links":{"self":[{"href":"https:\/\/www.ramazanbasak.com.tr\/index.php?rest_route=\/wp\/v2\/posts\/265","targetHints":{"allow":["GET"]}}],"collection":[{"href":"https:\/\/www.ramazanbasak.com.tr\/index.php?rest_route=\/wp\/v2\/posts"}],"about":[{"href":"https:\/\/www.ramazanbasak.com.tr\/index.php?rest_route=\/wp\/v2\/types\/post"}],"author":[{"embeddable":true,"href":"https:\/\/www.ramazanbasak.com.tr\/index.php?rest_route=\/wp\/v2\/users\/2"}],"replies":[{"embeddable":true,"href":"https:\/\/www.ramazanbasak.com.tr\/index.php?rest_route=%2Fwp%2Fv2%2Fcomments&post=265"}],"version-history":[{"count":0,"href":"https:\/\/www.ramazanbasak.com.tr\/index.php?rest_route=\/wp\/v2\/posts\/265\/revisions"}],"wp:featuredmedia":[{"embeddable":true,"href":"https:\/\/www.ramazanbasak.com.tr\/index.php?rest_route=\/wp\/v2\/media\/264"}],"wp:attachment":[{"href":"https:\/\/www.ramazanbasak.com.tr\/index.php?rest_route=%2Fwp%2Fv2%2Fmedia&parent=265"}],"wp:term":[{"taxonomy":"category","embeddable":true,"href":"https:\/\/www.ramazanbasak.com.tr\/index.php?rest_route=%2Fwp%2Fv2%2Fcategories&post=265"},{"taxonomy":"post_tag","embeddable":true,"href":"https:\/\/www.ramazanbasak.com.tr\/index.php?rest_route=%2Fwp%2Fv2%2Ftags&post=265"}],"curies":[{"name":"wp","href":"https:\/\/api.w.org\/{rel}","templated":true}]}}