{"id":267,"date":"2010-05-12T22:00:00","date_gmt":"2010-05-12T19:00:00","guid":{"rendered":"https:\/\/www.ramazanbasak.com.tr\/basak-bakani-sasirtti"},"modified":"2010-05-12T22:00:00","modified_gmt":"2010-05-12T19:00:00","slug":"basak-bakani-sasirtti","status":"publish","type":"post","link":"https:\/\/www.ramazanbasak.com.tr\/?p=267","title":{"rendered":"BA\u015eAK BAKANI \u015eA\u015eIRTTI."},"content":{"rendered":"<p><img loading=\"lazy\" decoding=\"async\" class=\" alignleft size-full wp-image-266\" align=\"left\" width=\"200\" height=\"138\" alt=\"\" src=\"https:\/\/www.ramazanbasak.com.tr\/wp-content\/uploads\/2010\/05\/basak%20bakani%20sasirtti.jpg\" \/><\/p>\n<p><strong>Ak Parti, anayasa de\u011fi\u015fikli\u011fi teklifi oylamalar\u0131nda Ba\u015fak, bakan\u0131 \u015fa\u015f\u0131rtt\u0131. <!--more-->  <\/strong><\/p>\n<p><font size=\"2\"><font face=\"Verdana\">HSYK&rsquo;n\u0131n yap\u0131s\u0131n\u0131 d\u00fczenleyen kritik 23. maddenin oylamas\u0131nda,&nbsp;Ak Partililerin \u00e7o\u011fu kabinlere girmeden &ldquo;kabul&rdquo; oylar\u0131n\u0131&nbsp;zarfa koydu. Ak Parti \u015eanl\u0131urfa<span class=\"Apple-converted-space\">&nbsp;<\/span>Milletvekili Ramazan Ba\u015fak<span class=\"Apple-converted-space\">&nbsp;<\/span>oy zarf\u0131n\u0131 al\u0131r almaz &ldquo;kabul&rdquo; oyunu zarf\u0131n i\u00e7ine koydu ve do\u011frudan kupalara y\u00f6neldi. Bu s\u0131rada salondan ayr\u0131lmakta olan Devlet Bakan\u0131 Zafer \u00c7a\u011flayan, Ba\u015fak&rsquo;\u0131 \u015fa\u015fk\u0131nl\u0131kla izledi.<span class=\"Apple-converted-space\">&nbsp;<\/span><\/font><\/font><\/p>\n","protected":false},"excerpt":{"rendered":"<p>Ak Parti, anayasa de\u011fi\u015fikli\u011fi teklifi oylamalar\u0131nda Ba\u015fak, bakan\u0131 \u015fa\u015f\u0131rtt\u0131. HSYK&rsquo;n\u0131n yap\u0131s\u0131n\u0131 d\u00fczenleyen kritik 23. maddenin oylamas\u0131nda,&nbsp;Ak Partililerin \u00e7o\u011fu kabinlere girmeden &ldquo;kabul&rdquo; oylar\u0131n\u0131&nbsp;zarfa koydu. Ak Parti \u015eanl\u0131urfa&nbsp;Milletvekili Ramazan Ba\u015fak&nbsp;oy zarf\u0131n\u0131 al\u0131r almaz &ldquo;kabul&rdquo; oyunu zarf\u0131n i\u00e7ine koydu ve do\u011frudan kupalara y\u00f6neldi. Bu s\u0131rada salondan ayr\u0131lmakta olan Devlet Bakan\u0131 Zafer \u00c7a\u011flayan, Ba\u015fak&rsquo;\u0131 \u015fa\u015fk\u0131nl\u0131kla izledi.&nbsp;<\/p>\n","protected":false},"author":2,"featured_media":266,"comment_status":"open","ping_status":"open","sticky":false,"template":"","format":"standard","meta":{"footnotes":""},"categories":[8],"tags":[],"class_list":["post-267","post","type-post","status-publish","format-standard","has-post-thumbnail","hentry","category-haberler-haberler"],"_links":{"self":[{"href":"https:\/\/www.ramazanbasak.com.tr\/index.php?rest_route=\/wp\/v2\/posts\/267","targetHints":{"allow":["GET"]}}],"collection":[{"href":"https:\/\/www.ramazanbasak.com.tr\/index.php?rest_route=\/wp\/v2\/posts"}],"about":[{"href":"https:\/\/www.ramazanbasak.com.tr\/index.php?rest_route=\/wp\/v2\/types\/post"}],"author":[{"embeddable":true,"href":"https:\/\/www.ramazanbasak.com.tr\/index.php?rest_route=\/wp\/v2\/users\/2"}],"replies":[{"embeddable":true,"href":"https:\/\/www.ramazanbasak.com.tr\/index.php?rest_route=%2Fwp%2Fv2%2Fcomments&post=267"}],"version-history":[{"count":0,"href":"https:\/\/www.ramazanbasak.com.tr\/index.php?rest_route=\/wp\/v2\/posts\/267\/revisions"}],"wp:featuredmedia":[{"embeddable":true,"href":"https:\/\/www.ramazanbasak.com.tr\/index.php?rest_route=\/wp\/v2\/media\/266"}],"wp:attachment":[{"href":"https:\/\/www.ramazanbasak.com.tr\/index.php?rest_route=%2Fwp%2Fv2%2Fmedia&parent=267"}],"wp:term":[{"taxonomy":"category","embeddable":true,"href":"https:\/\/www.ramazanbasak.com.tr\/index.php?rest_route=%2Fwp%2Fv2%2Fcategories&post=267"},{"taxonomy":"post_tag","embeddable":true,"href":"https:\/\/www.ramazanbasak.com.tr\/index.php?rest_route=%2Fwp%2Fv2%2Ftags&post=267"}],"curies":[{"name":"wp","href":"https:\/\/api.w.org\/{rel}","templated":true}]}}