{"id":269,"date":"2010-05-13T22:00:00","date_gmt":"2010-05-13T19:00:00","guid":{"rendered":"https:\/\/www.ramazanbasak.com.tr\/basak-anayasa-degisikligini-hastalara-anlatti"},"modified":"2010-05-13T22:00:00","modified_gmt":"2010-05-13T19:00:00","slug":"basak-anayasa-degisikligini-hastalara-anlatti","status":"publish","type":"post","link":"https:\/\/www.ramazanbasak.com.tr\/?p=269","title":{"rendered":"BA\u015eAK ANAYASA DE\u011e\u0130\u015e\u0130KL\u0130\u011e\u0130N\u0130 HASTALARA ANLATTI."},"content":{"rendered":"<p><img loading=\"lazy\" decoding=\"async\" class=\" alignleft size-full wp-image-268\" align=\"left\" width=\"200\" height=\"138\" alt=\"\" src=\"https:\/\/www.ramazanbasak.com.tr\/wp-content\/uploads\/2010\/05\/paketi%20hastalara%20anlatti.jpg\" \/><\/p>\n<p><strong>Ak Parti \u015eanl\u0131urfa Milletvekili Ramazan Ba\u015fak Anayasa paketini herkese anlat\u0131yor hafta sonu tatilinde hastaneleri gezerek hastalar\u0131 ziyarette bulunan Ba\u015fak Anayasa Paketini hastalara anlatt\u0131. <!--more-->  <\/strong><\/p>\n<p>&nbsp;<\/p>\n<div style=\"margin: 0in 0in 0pt\">T\u00fcrkiye B\u00fcy\u00fck Millet Meclisi&#8217; nin anayasa paketinin de\u011fi\u015fikli\u011fi i\u00e7in ba\u015flatm\u0131\u015f oldu\u011fu s\u00fcre\u00e7 yo\u011fun ge\u00e7mesinden dolay\u0131 yakla\u015f\u0131k 10 g\u00fcn tatil edildi. Ama meclisin gen\u00e7 simalar\u0131ndan Ak Parti \u015eanl\u0131urfa Milletvekili Ramazan Ba\u015fak memleketi \u015eanl\u0131urfa&rsquo;ya geldi. Milletvekili Ba\u015fak durmak bilmiyor. Hafta sonunu baz\u0131 il\u00e7e ve k\u00f6yleri ziyaret ederek vatanda\u015f\u0131n yan\u0131nda oldu.&nbsp;&nbsp;<\/div>\n<div style=\"margin: 0in 0in 0pt\">&nbsp;<\/div>\n<div style=\"margin: 0in 0in 0pt\">Daha sonra \u015eanl\u0131urfa E\u011fitim ve Ara\u015ft\u0131rma hastanesini ziyaret eden Ba\u015fak hasta ve hastane personelleriyle birlikte oldu. Hasta odalar\u0131n\u0131 ziyaret eden Ba\u015fak hastalara acil \u015fifalar dile\u011finde bulundu. Aya\u011f\u0131ndan ameliyat olmas\u0131 gereken bir hasta ise duygular\u0131na hakim olamay\u0131p g\u00f6z ya\u015flar\u0131 i\u00e7inde a\u011flamaya ba\u015flamas\u0131 vekil Ba\u015fak&rsquo;\u0131 da \u00fczd\u00fc. Ya\u015fl\u0131 amcan\u0131n a\u011flamas\u0131 dayanamayan Ba\u015fak hastan\u0131n ellerini \u00f6p\u00fcp kendisini teselli etti.<\/div>\n<div style=\"margin: 0in 0in 0pt\">&nbsp;<\/div>\n<div style=\"margin: 0in 0in 0pt\">Ard\u0131ndan kameralar\u0131m\u0131za bir a\u00e7\u0131klama yapan Ak Parti \u015eanl\u0131urfa Milletvekili Ramazan Ba\u015fak, &lsquo;Biz milletvekilleri olarak y\u0131llard\u0131r hasta olan otuz y\u0131ld\u0131r darbe anayasan\u0131n hastal\u0131\u011f\u0131n\u0131 tedavi etmek i\u00e7in yirmi be\u015f g\u00fcnd\u00fcr yo\u011fun bir temponun i\u00e7erisine girdik, Allah&rsquo;a hamdolsun Ak Parti grubunun birlik beraberli\u011fi sayesinde demokrasideki bu hastal\u0131\u011f\u0131 tedavi edece\u011fiz.&rsquo; dedi.<\/div>\n","protected":false},"excerpt":{"rendered":"<p>Ak Parti \u015eanl\u0131urfa Milletvekili Ramazan Ba\u015fak Anayasa paketini herkese anlat\u0131yor hafta sonu tatilinde hastaneleri gezerek hastalar\u0131 ziyarette bulunan Ba\u015fak Anayasa Paketini hastalara anlatt\u0131. &nbsp; T\u00fcrkiye B\u00fcy\u00fck Millet Meclisi&#8217; nin anayasa paketinin de\u011fi\u015fikli\u011fi i\u00e7in ba\u015flatm\u0131\u015f oldu\u011fu s\u00fcre\u00e7 yo\u011fun ge\u00e7mesinden dolay\u0131 yakla\u015f\u0131k 10 g\u00fcn tatil edildi. Ama meclisin gen\u00e7 simalar\u0131ndan Ak Parti \u015eanl\u0131urfa Milletvekili Ramazan Ba\u015fak memleketi &hellip;<\/p>\n","protected":false},"author":2,"featured_media":268,"comment_status":"open","ping_status":"open","sticky":false,"template":"","format":"standard","meta":{"footnotes":""},"categories":[8],"tags":[],"class_list":["post-269","post","type-post","status-publish","format-standard","has-post-thumbnail","hentry","category-haberler-haberler"],"_links":{"self":[{"href":"https:\/\/www.ramazanbasak.com.tr\/index.php?rest_route=\/wp\/v2\/posts\/269","targetHints":{"allow":["GET"]}}],"collection":[{"href":"https:\/\/www.ramazanbasak.com.tr\/index.php?rest_route=\/wp\/v2\/posts"}],"about":[{"href":"https:\/\/www.ramazanbasak.com.tr\/index.php?rest_route=\/wp\/v2\/types\/post"}],"author":[{"embeddable":true,"href":"https:\/\/www.ramazanbasak.com.tr\/index.php?rest_route=\/wp\/v2\/users\/2"}],"replies":[{"embeddable":true,"href":"https:\/\/www.ramazanbasak.com.tr\/index.php?rest_route=%2Fwp%2Fv2%2Fcomments&post=269"}],"version-history":[{"count":0,"href":"https:\/\/www.ramazanbasak.com.tr\/index.php?rest_route=\/wp\/v2\/posts\/269\/revisions"}],"wp:featuredmedia":[{"embeddable":true,"href":"https:\/\/www.ramazanbasak.com.tr\/index.php?rest_route=\/wp\/v2\/media\/268"}],"wp:attachment":[{"href":"https:\/\/www.ramazanbasak.com.tr\/index.php?rest_route=%2Fwp%2Fv2%2Fmedia&parent=269"}],"wp:term":[{"taxonomy":"category","embeddable":true,"href":"https:\/\/www.ramazanbasak.com.tr\/index.php?rest_route=%2Fwp%2Fv2%2Fcategories&post=269"},{"taxonomy":"post_tag","embeddable":true,"href":"https:\/\/www.ramazanbasak.com.tr\/index.php?rest_route=%2Fwp%2Fv2%2Ftags&post=269"}],"curies":[{"name":"wp","href":"https:\/\/api.w.org\/{rel}","templated":true}]}}