{"id":285,"date":"2010-05-30T22:00:00","date_gmt":"2010-05-30T19:00:00","guid":{"rendered":"https:\/\/www.ramazanbasak.com.tr\/basak-saldiriyi-kinadi"},"modified":"2010-05-30T22:00:00","modified_gmt":"2010-05-30T19:00:00","slug":"basak-saldiriyi-kinadi","status":"publish","type":"post","link":"https:\/\/www.ramazanbasak.com.tr\/?p=285","title":{"rendered":"Ba\u015fak Sald\u0131r\u0131y\u0131 K\u0131nad\u0131"},"content":{"rendered":"<p><img loading=\"lazy\" decoding=\"async\" class=\" alignleft size-full wp-image-284\" align=\"left\" width=\"200\" height=\"297\" alt=\"\" src=\"https:\/\/www.ramazanbasak.com.tr\/wp-content\/uploads\/2010\/05\/umre1-rotated.jpg\" \/><\/p>\n<p><strong>\u0130srail&#8217;in Yard\u0131m Gemilerine vah\u015fice sald\u0131rmas\u0131 tepkilere yol a\u00e7t\u0131.Ak Parti \u015eanl\u0131urfa Milletvekili Ramazan Ba\u015fak&#8217; \u0130srail bu sald\u0131r\u0131n\u0131n hesab\u0131n\u0131 verecektir&#8217;dedi<\/strong><\/p>\n<p>&nbsp;<\/p>\n<p>\u0130srail&#8217;in Gazze&#8217;ye yard\u0131m malzemesi g\u00f6t\u00fcren T\u00fcrk Band\u0131ral\u0131 &quot;Mavi Marmara&quot; gemisine bask\u0131n d\u00fczenlemesi ve 16 ki\u015finin \u00f6lmesi <font face=\"Times New Roman TUR\">TBMM&#8217;de <\/font>yank\u0131land\u0131.  <!--more-->  <\/p>\n<p>&quot;&rsquo;Rotam\u0131z Filistin Y\u00fck\u00fcm\u00fcz \u0130nsani Yard\u0131m&rsquo; kapsam\u0131nda Gazze&rsquo;ye yard\u0131m g\u00f6t\u00fcren gemilere siyonist \u0130srail g\u00fc\u00e7lerince d\u00fczenlenen sald\u0131r\u0131 tepkilere yol a\u00e7t\u0131. Ak Parti \u015eanl\u0131urfa&nbsp; Milletvekili Ramazan Ba\u015fak sald\u0131r\u0131y\u0131 nefretle k\u0131nad\u0131klar\u0131n\u0131 s\u00f6yledi.T\u00fcrk Gemilerine yap\u0131lan sald\u0131r\u0131n\u0131n ard\u0131ndan&nbsp; a\u00e7\u0131klama yapan Ba\u015fak&#8217; Bu gemiler t\u00fcm D\u00fcnya&#8217;n\u0131n bildi\u011fi gibi \u0130nsani ama\u00e7la yapt\u0131\u011f\u0131 konvoya yap\u0131lan bu sald\u0131r\u0131y\u0131 k\u0131n\u0131yoruz,&nbsp;&nbsp; T\u00fcrkiye Cumhuriyeti bu sald\u0131r\u0131n\u0131n \u00fcstesinden gelecektir&#8217;dedi.Ak PArti \u015eanl\u0131urfa Milletvekili Ramazan Ba\u015fak,Hatay&#8217;\u0131n \u0130skenderun \u0130l\u00e7esinde PKK&#8217;l\u0131larca&nbsp; yap\u0131lan sald\u0131r\u0131 sonucu \u015fehit olan 6 askerin ailesine ba\u015fsa\u011fl\u0131\u011f\u0131 diledi\u011fini, sald\u0131r\u0131y\u0131 nefretle k\u0131nad\u0131\u011f\u0131n\u0131 s\u00f6yledi.<\/p>\n","protected":false},"excerpt":{"rendered":"<p>\u0130srail&#8217;in Yard\u0131m Gemilerine vah\u015fice sald\u0131rmas\u0131 tepkilere yol a\u00e7t\u0131.Ak Parti \u015eanl\u0131urfa Milletvekili Ramazan Ba\u015fak&#8217; \u0130srail bu sald\u0131r\u0131n\u0131n hesab\u0131n\u0131 verecektir&#8217;dedi &nbsp; \u0130srail&#8217;in Gazze&#8217;ye yard\u0131m malzemesi g\u00f6t\u00fcren T\u00fcrk Band\u0131ral\u0131 &quot;Mavi Marmara&quot; gemisine bask\u0131n d\u00fczenlemesi ve 16 ki\u015finin \u00f6lmesi TBMM&#8217;de yank\u0131land\u0131. &quot;&rsquo;Rotam\u0131z Filistin Y\u00fck\u00fcm\u00fcz \u0130nsani Yard\u0131m&rsquo; kapsam\u0131nda Gazze&rsquo;ye yard\u0131m g\u00f6t\u00fcren gemilere siyonist \u0130srail g\u00fc\u00e7lerince d\u00fczenlenen sald\u0131r\u0131 tepkilere yol a\u00e7t\u0131. &hellip;<\/p>\n","protected":false},"author":2,"featured_media":283,"comment_status":"open","ping_status":"open","sticky":false,"template":"","format":"standard","meta":{"footnotes":""},"categories":[8],"tags":[],"class_list":["post-285","post","type-post","status-publish","format-standard","has-post-thumbnail","hentry","category-haberler-haberler"],"_links":{"self":[{"href":"https:\/\/www.ramazanbasak.com.tr\/index.php?rest_route=\/wp\/v2\/posts\/285","targetHints":{"allow":["GET"]}}],"collection":[{"href":"https:\/\/www.ramazanbasak.com.tr\/index.php?rest_route=\/wp\/v2\/posts"}],"about":[{"href":"https:\/\/www.ramazanbasak.com.tr\/index.php?rest_route=\/wp\/v2\/types\/post"}],"author":[{"embeddable":true,"href":"https:\/\/www.ramazanbasak.com.tr\/index.php?rest_route=\/wp\/v2\/users\/2"}],"replies":[{"embeddable":true,"href":"https:\/\/www.ramazanbasak.com.tr\/index.php?rest_route=%2Fwp%2Fv2%2Fcomments&post=285"}],"version-history":[{"count":0,"href":"https:\/\/www.ramazanbasak.com.tr\/index.php?rest_route=\/wp\/v2\/posts\/285\/revisions"}],"wp:featuredmedia":[{"embeddable":true,"href":"https:\/\/www.ramazanbasak.com.tr\/index.php?rest_route=\/wp\/v2\/media\/283"}],"wp:attachment":[{"href":"https:\/\/www.ramazanbasak.com.tr\/index.php?rest_route=%2Fwp%2Fv2%2Fmedia&parent=285"}],"wp:term":[{"taxonomy":"category","embeddable":true,"href":"https:\/\/www.ramazanbasak.com.tr\/index.php?rest_route=%2Fwp%2Fv2%2Fcategories&post=285"},{"taxonomy":"post_tag","embeddable":true,"href":"https:\/\/www.ramazanbasak.com.tr\/index.php?rest_route=%2Fwp%2Fv2%2Ftags&post=285"}],"curies":[{"name":"wp","href":"https:\/\/api.w.org\/{rel}","templated":true}]}}