{"id":287,"date":"2010-06-03T22:00:00","date_gmt":"2010-06-03T19:00:00","guid":{"rendered":"https:\/\/www.ramazanbasak.com.tr\/basak-urfa-turizmin-baskenti"},"modified":"2010-06-03T22:00:00","modified_gmt":"2010-06-03T19:00:00","slug":"basak-urfa-turizmin-baskenti","status":"publish","type":"post","link":"https:\/\/www.ramazanbasak.com.tr\/?p=287","title":{"rendered":"Ba\u015fak &#8216;Urfa Turizmin Ba\u015fkenti&#8217;"},"content":{"rendered":"<p><img loading=\"lazy\" decoding=\"async\" class=\" alignleft size-full wp-image-286\" align=\"left\" width=\"200\" height=\"159\" alt=\"\" src=\"https:\/\/www.ramazanbasak.com.tr\/wp-content\/uploads\/2010\/06\/trt3turizm.bmp\" \/><\/p>\n<p><strong>Ak Parti \u015eanl\u0131urfa Milletvekili Ramazan Ba\u015fak d\u00fcn saat 13:00 s\u0131ralar\u0131nda TRT3 meclis program\u0131nda konu\u015ftu.. <\/strong><\/p>\n<p>&nbsp;<\/p>\n<p>&nbsp;<\/p>\n<div style=\"margin: 0in 0in 10pt\">Ak parti \u015eanl\u0131urfa Milletvekili Ramazan Ba\u015fak d\u00fcn saat 13.00 s\u0131ralar\u0131nda TRT3 Meclis tv ekranlar\u0131na \u00e7\u0131karak ba\u015fta \u015eanl\u0131urfa olmak \u00fczere do\u011fu ve g\u00fcneydo\u011fu Anadolu b\u00f6lgelerinde bulunan tarihi turizm kentlerini koruma konusunda bir dizi a\u00e7\u0131klamalarda bulundu. <!--more-->  <\/p>\n<p>&nbsp;<\/p>\n<p>&nbsp;<\/p>\n<div style=\"margin: 0in 0in 10pt\">Ak parti \u015eanl\u0131urfa Milletvekili Ramazan Ba\u015fak &lsquo;\u015eanl\u0131urfa&rsquo;n\u0131n turizm a\u00e7\u0131s\u0131ndan \u00e7ok de\u011ferli miraslara sahip olan bir \u015fehir oldu\u011funu belirterek t\u00fcm vekil arkada\u015flar\u0131n\u0131 1 Temmuz da tatile girecek olan parlamento tatilini Urfa&rsquo;da ge\u00e7irmeleri i\u00e7in \u00e7a\u011fr\u0131da bulundu. \u015eanl\u0131urfa da 12 bin y\u0131ll\u0131k bir ge\u00e7mi\u015fe sahip olan G\u00f6beklitepe gibi bir yere sahip olduklar\u0131 i\u00e7in \u00e7ok mutlu olduklar\u0131n\u0131 ve gelecek ku\u015faklara ve turizm a\u00e7\u0131s\u0131ndan sahip \u00e7\u0131kmam\u0131z gerekti\u011fini vurgulad\u0131.<\/div>\n<div style=\"margin: 0in 0in 10pt\">Ba\u015fak &lsquo; Son g\u00fcnlerde gerek d\u0131\u015fta gerekse i\u00e7te ter\u00f6r olaylar\u0131n\u0131 lanetliyorum. &nbsp;Y\u0131llard\u0131r ihmal edilen do\u011fu ve g\u00fcneydo\u011fudaki bir\u00e7ok alanda oldu\u011fu gibi turizm alan\u0131nda da \u015eanl\u0131urfa&rsquo;ya Diyarbak\u0131r&rsquo;a, \u015e\u0131rnak&rsquo;a, Hakkari&rsquo;ye, Ad\u0131yaman&rsquo;a, Gaziantep&rsquo;e b\u00fcy\u00fck yat\u0131r\u0131mlar yapan h\u00fck\u00fcmetimizin ba\u015fbakan\u0131 Say\u0131n Recep Tayyip Erdo\u011fan&rsquo;a ve bakan\u0131m\u0131za, siz say\u0131n milletvekili arkada\u015flar\u0131ma b\u00f6lgem ad\u0131na \u00f6zellikle te\u015fekk\u00fcr ederim ve sizlerden bir ricada bulunmak istiyorum sayg\u0131 de\u011fer milletvekilleri 1 Temmuz 2010 tarihinde itibariyle parlamento tatile giriyor. Ben, sizler ba\u015fta olmak \u00fczere Trabzon&rsquo;a, Artvin&rsquo;e, \u0130stanbul&rsquo;a, Bursa&rsquo;ya, do\u011fu ve g\u00fcneydo\u011fuyu g\u00f6rmemi\u015f olan herkese buradan seslenmek istiyorum. Bu y\u0131lki tatil program\u0131n\u0131z\u0131n i\u00e7erisine \u015eanl\u0131urfa&rsquo;y\u0131 koyun t\u00fcm\u00fcn\u00fc d\u00fc\u015f\u00fcnm\u00fcyorsan\u0131z l\u00fctfen bir k\u0131sm\u0131na, mazisi 12 bin y\u0131l olan G\u00f6beklitepedeki arkeolojik kaz\u0131lar\u0131 koyun. Sayg\u0131 de\u011fer milletvekilleri de\u011ferli arkada\u015flar\u0131m 3 bin y\u0131l \u00f6ncesine kadar mazisi dayanan Haleplibah\u00e7edeki mozaikleri koyal\u0131m diyorum. Oradaki amazon sava\u015f\u00e7\u0131s\u0131 olan krali\u00e7elerin d\u00fcnyan\u0131n en kaliteli mozaiklerini ziyarete gidelim diyorum. Halil\u00fclrahman\u0131 s\u00f6ylemeye gerek var m\u0131 Bal\u0131kl\u0131g\u00f6l\u00fc, Cevahir Konukevini, \u015eanl\u0131urfa&rsquo;n\u0131n o tarihi sokaklar\u0131n\u0131 gezmeye gidelim diyorum&#8217; diyerek \u015eanl\u0131urfa&rsquo;n\u0131n turizmin en eski \u015eehirlerinden biri oldu\u011funu s\u00f6yledi.<\/div>\n<div style=\"margin: 0in 0in 10pt\">\u00d6te yandan \u00fclke i\u00e7inde ve \u00fclke d\u0131\u015f\u0131nda ya\u015fanan ter\u00f6r olaylar\u0131n\u0131 lanetledi\u011fini&nbsp;h\u00fck\u00fcmetin ve milletin bu gibi olaylar\u0131n \u00fcstesinden gelece\u011fini&nbsp;s\u00f6yleyen Ba\u015fak t\u00fcm \u015eanl\u0131urfa&rsquo;l\u0131 hem\u015ferilerine sevgi sayg\u0131lar\u0131n\u0131 ileterek konu\u015fmas\u0131n\u0131 tamamlad\u0131.<\/div>\n<\/p><\/div>\n","protected":false},"excerpt":{"rendered":"<p>Ak Parti \u015eanl\u0131urfa Milletvekili Ramazan Ba\u015fak d\u00fcn saat 13:00 s\u0131ralar\u0131nda TRT3 meclis program\u0131nda konu\u015ftu.. &nbsp; &nbsp; Ak parti \u015eanl\u0131urfa Milletvekili Ramazan Ba\u015fak d\u00fcn saat 13.00 s\u0131ralar\u0131nda TRT3 Meclis tv ekranlar\u0131na \u00e7\u0131karak ba\u015fta \u015eanl\u0131urfa olmak \u00fczere do\u011fu ve g\u00fcneydo\u011fu Anadolu b\u00f6lgelerinde bulunan tarihi turizm kentlerini koruma konusunda bir dizi a\u00e7\u0131klamalarda bulundu. &nbsp; &nbsp; Ak parti \u015eanl\u0131urfa &hellip;<\/p>\n","protected":false},"author":2,"featured_media":286,"comment_status":"open","ping_status":"open","sticky":false,"template":"","format":"standard","meta":{"footnotes":""},"categories":[8],"tags":[],"class_list":["post-287","post","type-post","status-publish","format-standard","has-post-thumbnail","hentry","category-haberler-haberler"],"_links":{"self":[{"href":"https:\/\/www.ramazanbasak.com.tr\/index.php?rest_route=\/wp\/v2\/posts\/287","targetHints":{"allow":["GET"]}}],"collection":[{"href":"https:\/\/www.ramazanbasak.com.tr\/index.php?rest_route=\/wp\/v2\/posts"}],"about":[{"href":"https:\/\/www.ramazanbasak.com.tr\/index.php?rest_route=\/wp\/v2\/types\/post"}],"author":[{"embeddable":true,"href":"https:\/\/www.ramazanbasak.com.tr\/index.php?rest_route=\/wp\/v2\/users\/2"}],"replies":[{"embeddable":true,"href":"https:\/\/www.ramazanbasak.com.tr\/index.php?rest_route=%2Fwp%2Fv2%2Fcomments&post=287"}],"version-history":[{"count":0,"href":"https:\/\/www.ramazanbasak.com.tr\/index.php?rest_route=\/wp\/v2\/posts\/287\/revisions"}],"wp:featuredmedia":[{"embeddable":true,"href":"https:\/\/www.ramazanbasak.com.tr\/index.php?rest_route=\/wp\/v2\/media\/286"}],"wp:attachment":[{"href":"https:\/\/www.ramazanbasak.com.tr\/index.php?rest_route=%2Fwp%2Fv2%2Fmedia&parent=287"}],"wp:term":[{"taxonomy":"category","embeddable":true,"href":"https:\/\/www.ramazanbasak.com.tr\/index.php?rest_route=%2Fwp%2Fv2%2Fcategories&post=287"},{"taxonomy":"post_tag","embeddable":true,"href":"https:\/\/www.ramazanbasak.com.tr\/index.php?rest_route=%2Fwp%2Fv2%2Ftags&post=287"}],"curies":[{"name":"wp","href":"https:\/\/api.w.org\/{rel}","templated":true}]}}