{"id":289,"date":"2010-06-04T22:00:00","date_gmt":"2010-06-04T19:00:00","guid":{"rendered":"https:\/\/www.ramazanbasak.com.tr\/basak-suruc-11-nisan-yolunu-yapiyoruz"},"modified":"2010-06-04T22:00:00","modified_gmt":"2010-06-04T19:00:00","slug":"basak-suruc-11-nisan-yolunu-yapiyoruz","status":"publish","type":"post","link":"https:\/\/www.ramazanbasak.com.tr\/?p=289","title":{"rendered":"BA\u015eAK: SURU\u00c7 11 N\u0130SAN YOLUNU YAPIYORUZ."},"content":{"rendered":"<p><img loading=\"lazy\" decoding=\"async\" class=\" alignleft size-full wp-image-288\" align=\"left\" width=\"200\" height=\"134\" alt=\"\" src=\"https:\/\/www.ramazanbasak.com.tr\/wp-content\/uploads\/2010\/06\/dsc_0527-1.jpg\" srcset=\"https:\/\/www.ramazanbasak.com.tr\/wp-content\/uploads\/2010\/06\/dsc_0527-1.jpg 800w, https:\/\/www.ramazanbasak.com.tr\/wp-content\/uploads\/2010\/06\/dsc_0527-1-300x201.jpg 300w, https:\/\/www.ramazanbasak.com.tr\/wp-content\/uploads\/2010\/06\/dsc_0527-1-768x516.jpg 768w\" sizes=\"auto, (max-width: 200px) 100vw, 200px\" \/><\/p>\n<p>&nbsp;<\/p>\n<div>Ak Parti \u015eanl\u0131urfa Milletvekili Ramazan Ba\u015fak, \u015eanl\u0131urfa Bozova yolunu, Ak\u00e7akale yolunu, Ceylanp\u0131nar, Viran\u015fehir yollar\u0131n\u0131, \u015eanl\u0131urfa \u00e7evre yolunu bir bir ger\u00e7ekle\u015ftirip duyurduklar\u0131 gibi Suru\u00e7-11 Nisan aras\u0131ndaki karayolu yap\u0131m\u0131na bu hafta sonu ba\u015flayacaklar\u0131n\u0131n bu yolu da hizmete a\u00e7acaklar\u0131n\u0131n m\u00fcjdesini b\u00fct\u00fcn Suru\u00e7lu hem\u015ferileriyle payla\u015ft\u0131.<\/div>\n<p>  <!--more-->  <\/p>\n<p>&nbsp;<\/p>\n<div>\u015eanl\u0131urfa Milletvekili Ramazan Ba\u015fak, Suru\u00e7 \u00e7\u0131k\u0131\u015f\u0131ndan 11 Nisan&rsquo; \u0131n giri\u015fine kadar yolun geni\u015fletme ve asfaltlama \u00e7al\u0131\u015fmalar\u0131na ba\u015flayacaklar\u0131n\u0131n m\u00fcjdesini b\u00fct\u00fcn hem\u015ferilerine duyurdu. Ba\u015fak, yolun 2 ayl\u0131k s\u00fcre\u00e7te tamamlanaca\u011f\u0131n\u0131, geni\u015fli\u011fi 12 m olan bir yol olaca\u011f\u0131n\u0131 s\u00f6yledi. Daha \u00f6nceden yolun dar oldu\u011fu i\u00e7in ge\u00e7i\u015flerin zor oldu\u011funu, bir ara\u00e7 yolda durdu\u011funda veya ar\u0131za yapt\u0131\u011f\u0131nda trafi\u011fin aksad\u0131\u011f\u0131n\u0131 bu nedenle kazaya davet \u00e7\u0131kar\u0131ld\u0131\u011f\u0131n\u0131 ifade eden Ba\u015fak, yolun geni\u015fletilmesiyle bu yolun art\u0131k g\u00fcvenli olaca\u011f\u0131n\u0131 ve bu sorunlar\u0131n geride kalaca\u011f\u0131n\u0131 belirterek Suru\u00e7lulara Avrupa standartlar\u0131nda bir yol hediye ettik dedi.<\/div>\n<div>&nbsp;<\/div>\n<div>Ba\u015fak, ba\u015fbakan\u0131n ve ba\u015ftaki h\u00fck\u00fcmetlerinin deste\u011fiyle Suru\u00e7 i\u00e7in, \u015eanl\u0131urfa i\u00e7in, do\u011fu ve g\u00fcneydo\u011fu i\u00e7in \u00e7ok \u00e7al\u0131\u015ft\u0131klar\u0131n\u0131, g\u00f6reve gelmeden ve geldikten sonraki s\u00f6zlerinin hepsini zaman i\u00e7inde ger\u00e7ekle\u015ftirdiklerini vurgulad\u0131. Milletvekili Ba\u015fak, hi\u00e7bir zaman koltu\u011fun, makam\u0131n k\u00f6lesi olmad\u0131klar\u0131n\u0131, halk\u0131n k\u00f6lesi olduklar\u0131n\u0131 s\u00f6yledi. Halkla birlikte beraber i\u00e7 i\u00e7e olduklar\u0131n\u0131 onlara hizmet etmek i\u00e7in bu g\u00f6reve talip olduklar\u0131n\u0131 ve bu g\u00f6revleri de yerine getirdik\u00e7e halk\u0131n takdirine mazhar olman\u0131n mutlulu\u011funu ya\u015fad\u0131klar\u0131n\u0131 ifade etti.<\/div>\n<div>&nbsp;<\/div>\n<div>Bununla birlikte zaman yettik\u00e7e daha bir \u00e7ok projeye imza atacaklar\u0131n\u0131 Suru\u00e7&rsquo; u, \u015eanl\u0131urfa&rsquo; y\u0131 cazibe merkezi haline getireceklerini, bunun i\u00e7in de geceli g\u00fcnd\u00fczl\u00fc hem Ankara&rsquo; da hem se\u00e7im b\u00f6lgelerinde \u00e7al\u0131\u015ft\u0131klar\u0131n\u0131 s\u00f6yledi.<\/div>\n<div>&nbsp;<\/div>\n<div>Kendilerini halka ve Hak&rsquo; ka hizmetten kimsenin vazge\u00e7iremeyeci\u011fini bu u\u011furda her t\u00fcrl\u00fc fedakarl\u0131\u011f\u0131 yapacaklar\u0131n\u0131 s\u00f6yleyen Ba\u015fak, bu vesileyle tekrar Gazze&rsquo; de ve \u0130skenderun&rsquo; da &nbsp;\u015fehit olan b\u00fct\u00fcn vatanda\u015flar\u0131m\u0131za Y\u00fcce Allah&rsquo; tan rahmet, kederli ailelerine ba\u015fsa\u011fl\u0131\u011f\u0131, yaral\u0131lar\u0131m\u0131za da acil \u015fifalar dilerken, \u0130srail&rsquo; i bu elim olaydan \u00f6t\u00fcr\u00fc bir kez daha lanetleyerek, b\u00fct\u00fcn hem\u015ferilerine sevgi, sayg\u0131 ve selamlar\u0131n\u0131 sundu.<\/div>\n","protected":false},"excerpt":{"rendered":"<p>&nbsp; Ak Parti \u015eanl\u0131urfa Milletvekili Ramazan Ba\u015fak, \u015eanl\u0131urfa Bozova yolunu, Ak\u00e7akale yolunu, Ceylanp\u0131nar, Viran\u015fehir yollar\u0131n\u0131, \u015eanl\u0131urfa \u00e7evre yolunu bir bir ger\u00e7ekle\u015ftirip duyurduklar\u0131 gibi Suru\u00e7-11 Nisan aras\u0131ndaki karayolu yap\u0131m\u0131na bu hafta sonu ba\u015flayacaklar\u0131n\u0131n bu yolu da hizmete a\u00e7acaklar\u0131n\u0131n m\u00fcjdesini b\u00fct\u00fcn Suru\u00e7lu hem\u015ferileriyle payla\u015ft\u0131. &nbsp; \u015eanl\u0131urfa Milletvekili Ramazan Ba\u015fak, Suru\u00e7 \u00e7\u0131k\u0131\u015f\u0131ndan 11 Nisan&rsquo; \u0131n giri\u015fine kadar yolun &hellip;<\/p>\n","protected":false},"author":2,"featured_media":288,"comment_status":"open","ping_status":"open","sticky":false,"template":"","format":"standard","meta":{"footnotes":""},"categories":[8],"tags":[],"class_list":["post-289","post","type-post","status-publish","format-standard","has-post-thumbnail","hentry","category-haberler-haberler"],"_links":{"self":[{"href":"https:\/\/www.ramazanbasak.com.tr\/index.php?rest_route=\/wp\/v2\/posts\/289","targetHints":{"allow":["GET"]}}],"collection":[{"href":"https:\/\/www.ramazanbasak.com.tr\/index.php?rest_route=\/wp\/v2\/posts"}],"about":[{"href":"https:\/\/www.ramazanbasak.com.tr\/index.php?rest_route=\/wp\/v2\/types\/post"}],"author":[{"embeddable":true,"href":"https:\/\/www.ramazanbasak.com.tr\/index.php?rest_route=\/wp\/v2\/users\/2"}],"replies":[{"embeddable":true,"href":"https:\/\/www.ramazanbasak.com.tr\/index.php?rest_route=%2Fwp%2Fv2%2Fcomments&post=289"}],"version-history":[{"count":0,"href":"https:\/\/www.ramazanbasak.com.tr\/index.php?rest_route=\/wp\/v2\/posts\/289\/revisions"}],"wp:featuredmedia":[{"embeddable":true,"href":"https:\/\/www.ramazanbasak.com.tr\/index.php?rest_route=\/wp\/v2\/media\/288"}],"wp:attachment":[{"href":"https:\/\/www.ramazanbasak.com.tr\/index.php?rest_route=%2Fwp%2Fv2%2Fmedia&parent=289"}],"wp:term":[{"taxonomy":"category","embeddable":true,"href":"https:\/\/www.ramazanbasak.com.tr\/index.php?rest_route=%2Fwp%2Fv2%2Fcategories&post=289"},{"taxonomy":"post_tag","embeddable":true,"href":"https:\/\/www.ramazanbasak.com.tr\/index.php?rest_route=%2Fwp%2Fv2%2Ftags&post=289"}],"curies":[{"name":"wp","href":"https:\/\/api.w.org\/{rel}","templated":true}]}}