{"id":305,"date":"2010-06-05T22:00:00","date_gmt":"2010-06-05T19:00:00","guid":{"rendered":"https:\/\/www.ramazanbasak.com.tr\/basak-tan-buyuk-anadolu-birligi%e2%80%99-ne-davet"},"modified":"2010-06-05T22:00:00","modified_gmt":"2010-06-05T19:00:00","slug":"basak-tan-buyuk-anadolu-birligi%e2%80%99-ne-davet","status":"publish","type":"post","link":"https:\/\/www.ramazanbasak.com.tr\/?p=305","title":{"rendered":"BA\u015eAK&#8217; TAN B\u00dcY\u00dcK ANADOLU B\u0130RL\u0130\u011e\u0130\u2019 NE DAVET"},"content":{"rendered":"<p><img loading=\"lazy\" decoding=\"async\" class=\" alignleft size-full wp-image-304\" align=\"left\" width=\"200\" height=\"159\" alt=\"\" src=\"https:\/\/www.ramazanbasak.com.tr\/wp-content\/uploads\/2010\/06\/bykanadolubirliidltreni.bmp\" \/><\/p>\n<p><strong>Ak Parti \u015eanl\u0131urfa Milletvekili Ramazan Ba\u015fak y\u0131l\u0131n lideri se\u00e7ilen Ba\u015fbakan Say\u0131n Recep Tayyip Erdo\u011fan i\u00e7in d\u00fczenlenen gecede hem \u00f6d\u00fcl ald\u0131 hemde \u00f6d\u00fcl verdi.<\/strong><\/p>\n<p>&nbsp;<\/p>\n<p><strong> <!--more-->  <\/strong><\/p>\n<p>&nbsp;<\/p>\n<div style=\"margin: 0in 0in 0pt\">Ak Parti \u015eanl\u0131urfa Milletvekili Ramazan Ba\u015fak, Ak Parti Siyasi ve Hukuk \u0130\u015flerinden sorumlu Genel Ba\u015fkan Yard\u0131mc\u0131s\u0131 Abd\u00fclkadir Aksu ile birlikte ba\u015fbakan\u0131m\u0131z Recep Tayyip Erdo\u011fan&rsquo; \u0131n y\u0131l\u0131n lideri olarak se\u00e7ildi\u011fi B\u00fcy\u00fck Anadolu Birli\u011fi&rsquo;nin \u00f6d\u00fcl gecesinde hem \u00f6d\u00fcl ald\u0131 hem \u00f6d\u00fcl verdi.<\/div>\n<p> B\u00fcy\u00fck Anadolu Birli\u011fi&rsquo; nin d\u00fczenlemi\u015f oldu\u011fu \u00f6d\u00fcl t\u00f6reninde milletvekili Ba\u015fak Ak Parti Siyasi ve Hukuk \u0130\u015flerinden sorumlu Genel Ba\u015fkan Yard\u0131mc\u0131s\u0131 Abd\u00fclkadir Aksu ile beraber ba\u015fbakan\u0131m\u0131z ad\u0131na y\u0131l\u0131n lideri \u00f6d\u00fcl\u00fcn\u00fc ald\u0131. Daha sonra Aksaray \u00dcniversitesi rekt\u00f6r\u00fc Prof. Dr. Necdet Sa\u011flam ve yazar G\u00fcler Din\u00e7aslan&rsquo; a \u00f6d\u00fcl de veren Ba\u015fak, \u00f6d\u00fcl t\u00f6reninden sonra sorulan sorulara cevap verdi. Bir \u015eanl\u0131urfal\u0131 olarak ba\u015fbakan\u0131m\u0131z\u0131n d\u00fcnya lideri se\u00e7ildi\u011fi bu gecede olmaktan duydu\u011fu memnuniyeti ifade eden Ba\u015fak; bu \u00f6d\u00fcllerle Ak Parti icraatlar\u0131n\u0131n takdir edildi\u011fini, kendilerinin do\u011fru yolda olduklar\u0131n\u0131 ve halka hizmet etmekten b\u00fcy\u00fck mutluluk duyduklar\u0131n\u0131 s\u00f6yledi. Ba\u015fbakan Recep Tayyip Erdo\u011fan ile birlikte T\u00fcrkiye&rsquo; nin emin ad\u0131mlarla hedeflenen noktalarla vard\u0131\u011f\u0131n\u0131 vurgulayan Ba\u015fak, t\u00fcm konuklar\u0131 \u015eanl\u0131urfa&rsquo; ya davet etti.<\/p>\n","protected":false},"excerpt":{"rendered":"<p>Ak Parti \u015eanl\u0131urfa Milletvekili Ramazan Ba\u015fak y\u0131l\u0131n lideri se\u00e7ilen Ba\u015fbakan Say\u0131n Recep Tayyip Erdo\u011fan i\u00e7in d\u00fczenlenen gecede hem \u00f6d\u00fcl ald\u0131 hemde \u00f6d\u00fcl verdi. &nbsp; &nbsp; Ak Parti \u015eanl\u0131urfa Milletvekili Ramazan Ba\u015fak, Ak Parti Siyasi ve Hukuk \u0130\u015flerinden sorumlu Genel Ba\u015fkan Yard\u0131mc\u0131s\u0131 Abd\u00fclkadir Aksu ile birlikte ba\u015fbakan\u0131m\u0131z Recep Tayyip Erdo\u011fan&rsquo; \u0131n y\u0131l\u0131n lideri olarak se\u00e7ildi\u011fi B\u00fcy\u00fck &hellip;<\/p>\n","protected":false},"author":2,"featured_media":304,"comment_status":"open","ping_status":"open","sticky":false,"template":"","format":"standard","meta":{"footnotes":""},"categories":[8],"tags":[],"class_list":["post-305","post","type-post","status-publish","format-standard","has-post-thumbnail","hentry","category-haberler-haberler"],"_links":{"self":[{"href":"https:\/\/www.ramazanbasak.com.tr\/index.php?rest_route=\/wp\/v2\/posts\/305","targetHints":{"allow":["GET"]}}],"collection":[{"href":"https:\/\/www.ramazanbasak.com.tr\/index.php?rest_route=\/wp\/v2\/posts"}],"about":[{"href":"https:\/\/www.ramazanbasak.com.tr\/index.php?rest_route=\/wp\/v2\/types\/post"}],"author":[{"embeddable":true,"href":"https:\/\/www.ramazanbasak.com.tr\/index.php?rest_route=\/wp\/v2\/users\/2"}],"replies":[{"embeddable":true,"href":"https:\/\/www.ramazanbasak.com.tr\/index.php?rest_route=%2Fwp%2Fv2%2Fcomments&post=305"}],"version-history":[{"count":0,"href":"https:\/\/www.ramazanbasak.com.tr\/index.php?rest_route=\/wp\/v2\/posts\/305\/revisions"}],"wp:featuredmedia":[{"embeddable":true,"href":"https:\/\/www.ramazanbasak.com.tr\/index.php?rest_route=\/wp\/v2\/media\/304"}],"wp:attachment":[{"href":"https:\/\/www.ramazanbasak.com.tr\/index.php?rest_route=%2Fwp%2Fv2%2Fmedia&parent=305"}],"wp:term":[{"taxonomy":"category","embeddable":true,"href":"https:\/\/www.ramazanbasak.com.tr\/index.php?rest_route=%2Fwp%2Fv2%2Fcategories&post=305"},{"taxonomy":"post_tag","embeddable":true,"href":"https:\/\/www.ramazanbasak.com.tr\/index.php?rest_route=%2Fwp%2Fv2%2Ftags&post=305"}],"curies":[{"name":"wp","href":"https:\/\/api.w.org\/{rel}","templated":true}]}}