{"id":307,"date":"2010-06-06T22:00:00","date_gmt":"2010-06-06T19:00:00","guid":{"rendered":"https:\/\/www.ramazanbasak.com.tr\/basak-tan-siyasi-partilere-ziyaret"},"modified":"2010-06-06T22:00:00","modified_gmt":"2010-06-06T19:00:00","slug":"basak-tan-siyasi-partilere-ziyaret","status":"publish","type":"post","link":"https:\/\/www.ramazanbasak.com.tr\/?p=307","title":{"rendered":"BA\u015eAK&#8217; TAN S\u0130YAS\u0130 PART\u0130LERE Z\u0130YARET"},"content":{"rendered":"<p><img loading=\"lazy\" decoding=\"async\" class=\" alignleft size-full wp-image-306\" align=\"left\" width=\"200\" height=\"112\" alt=\"\" src=\"https:\/\/www.ramazanbasak.com.tr\/wp-content\/uploads\/2010\/06\/siyasipartiziyareti.bmp\" \/><\/p>\n<p><strong>Ak Parti \u015eanl\u0131urfa Milletvekili Ramazan Ba\u015fak hafta sonu Memleketi Urfa&#8217;dayd\u0131. CHP ve BBP yeni il Ba\u015fkanlar\u0131n\u0131 tebrik ziyaretinde bulundu. <!--more-->  <\/strong><\/p>\n<p>&nbsp;<\/p>\n<div style=\"margin: 0in 0in 10pt\">Ak Parti \u015eanl\u0131urfa Milletvekili Ramazan Ba\u015fak, Ak Parti \u0130l\u00e7e Ba\u015fkan\u0131 Mustafa Zahit ve beraberinde bir grup partili ile birlikte Cumhuriyet Halk Partisi &lsquo;CHP&rsquo; ve B\u00fcy\u00fck Birlik Partisi&nbsp; &lsquo;BBP&rsquo; b\u00fcrolar\u0131n\u0131 ziyaret ederek il ba\u015fkanl\u0131\u011f\u0131na se\u00e7ilen ba\u015fkanlar\u0131 tebrik ziyaretinde bulundu.<\/div>\n<div style=\"margin: 0in 0in 10pt\">\u00d6ncelikle Cumhuriyet Halk Partisini ziyaret eden Ak Parti \u015eanl\u0131urfa Milletvekili Ramazan Ba\u015fak Cumhuriyet Halk Partisinde bulunan partililerle sohbet ederek, kongre se\u00e7imi sonucu CHP \u0130l Ba\u015fkanl\u0131\u011f\u0131na se\u00e7ilen Yusuf K\u00f6se&rsquo;yi tebrik ederek yeni g\u00f6revinde ba\u015far\u0131lar diledi. &lsquo;Cumhuriyet Halk Partisi&rsquo;nin yeni il te\u015fkilat\u0131n\u0131 tebrik etti\u011fini dile getiren Ba\u015fak, g\u00fc\u00e7l\u00fc iktidarlar g\u00fc\u00e7l\u00fc muhalefet ile birlikte memlekete hizmet ederler, \u015eanl\u0131urfa&rsquo;n\u0131n hayr\u0131na, bu memlekete hizmet etmek ad\u0131na gerekli olan do\u011fru yollar\u0131n, akl\u0131n oldu\u011fu her yerde biz kendileri ile birlikte olaca\u011f\u0131z.&rsquo;&nbsp; dedi. Cumhuriyet Halk Partisi \u0130l Ba\u015fkan\u0131 Yusuf k\u00f6se ise &lsquo;Ben \u015fahs\u0131m ad\u0131na Ak Partili vekilimize ve beraberindeki partili arkada\u015flar\u0131na bizi ziyaret ettiklerinden dolay\u0131 te\u015fekk\u00fcr ederim.&rsquo; dedi. &nbsp;&nbsp;<\/div>\n<div style=\"margin: 0in 0in 10pt\">Daha sonra B\u00fcy\u00fck Birlik Partisine giden vekil Ba\u015fak ayn\u0131 \u015fekilde il ba\u015fkanl\u0131\u011f\u0131na yeni se\u00e7ilmi\u015f olan Sabri \u00c7avc\u0131&rsquo;y\u0131 da tebrik ziyaretinde bulundu.<\/div>\n","protected":false},"excerpt":{"rendered":"<p>Ak Parti \u015eanl\u0131urfa Milletvekili Ramazan Ba\u015fak hafta sonu Memleketi Urfa&#8217;dayd\u0131. CHP ve BBP yeni il Ba\u015fkanlar\u0131n\u0131 tebrik ziyaretinde bulundu. &nbsp; Ak Parti \u015eanl\u0131urfa Milletvekili Ramazan Ba\u015fak, Ak Parti \u0130l\u00e7e Ba\u015fkan\u0131 Mustafa Zahit ve beraberinde bir grup partili ile birlikte Cumhuriyet Halk Partisi &lsquo;CHP&rsquo; ve B\u00fcy\u00fck Birlik Partisi&nbsp; &lsquo;BBP&rsquo; b\u00fcrolar\u0131n\u0131 ziyaret ederek il ba\u015fkanl\u0131\u011f\u0131na se\u00e7ilen ba\u015fkanlar\u0131 &hellip;<\/p>\n","protected":false},"author":2,"featured_media":306,"comment_status":"open","ping_status":"open","sticky":false,"template":"","format":"standard","meta":{"footnotes":""},"categories":[8],"tags":[],"class_list":["post-307","post","type-post","status-publish","format-standard","has-post-thumbnail","hentry","category-haberler-haberler"],"_links":{"self":[{"href":"https:\/\/www.ramazanbasak.com.tr\/index.php?rest_route=\/wp\/v2\/posts\/307","targetHints":{"allow":["GET"]}}],"collection":[{"href":"https:\/\/www.ramazanbasak.com.tr\/index.php?rest_route=\/wp\/v2\/posts"}],"about":[{"href":"https:\/\/www.ramazanbasak.com.tr\/index.php?rest_route=\/wp\/v2\/types\/post"}],"author":[{"embeddable":true,"href":"https:\/\/www.ramazanbasak.com.tr\/index.php?rest_route=\/wp\/v2\/users\/2"}],"replies":[{"embeddable":true,"href":"https:\/\/www.ramazanbasak.com.tr\/index.php?rest_route=%2Fwp%2Fv2%2Fcomments&post=307"}],"version-history":[{"count":0,"href":"https:\/\/www.ramazanbasak.com.tr\/index.php?rest_route=\/wp\/v2\/posts\/307\/revisions"}],"wp:featuredmedia":[{"embeddable":true,"href":"https:\/\/www.ramazanbasak.com.tr\/index.php?rest_route=\/wp\/v2\/media\/306"}],"wp:attachment":[{"href":"https:\/\/www.ramazanbasak.com.tr\/index.php?rest_route=%2Fwp%2Fv2%2Fmedia&parent=307"}],"wp:term":[{"taxonomy":"category","embeddable":true,"href":"https:\/\/www.ramazanbasak.com.tr\/index.php?rest_route=%2Fwp%2Fv2%2Fcategories&post=307"},{"taxonomy":"post_tag","embeddable":true,"href":"https:\/\/www.ramazanbasak.com.tr\/index.php?rest_route=%2Fwp%2Fv2%2Ftags&post=307"}],"curies":[{"name":"wp","href":"https:\/\/api.w.org\/{rel}","templated":true}]}}