{"id":309,"date":"2010-06-10T22:00:00","date_gmt":"2010-06-10T19:00:00","guid":{"rendered":"https:\/\/www.ramazanbasak.com.tr\/basak-radyodan-urfa-ya-seslendi"},"modified":"2010-06-10T22:00:00","modified_gmt":"2010-06-10T19:00:00","slug":"basak-radyodan-urfa-ya-seslendi","status":"publish","type":"post","link":"https:\/\/www.ramazanbasak.com.tr\/?p=309","title":{"rendered":"BA\u015eAK RADYODAN URFA&#8217; YA SESLEND\u0130."},"content":{"rendered":"<p><img loading=\"lazy\" decoding=\"async\" class=\" alignleft size-full wp-image-308\" align=\"left\" width=\"200\" height=\"154\" alt=\"\" src=\"https:\/\/www.ramazanbasak.com.tr\/wp-content\/uploads\/2010\/06\/radyourfayiziyaret.bmp\" \/><\/p>\n<p><strong>Ak Parti \u015eanl\u0131urfa Milletvekili Ramazan Ba\u015fak ziyaretlerine devam ediyor.Vekil Ba\u015fak son olarak Harran FM&#8217;i Ziyaret ederek gazeteci arkada\u015flar\u0131m\u0131zla birlikte oldu.<\/strong><\/p>\n<p><strong> <!--more-->  <\/strong><\/p>\n<p>&nbsp;<\/p>\n<div style=\"margin: 0in 0in 10pt\">Ak Parti \u015eanl\u0131urfa Milletvekili Ramazan Ba\u015fak yapm\u0131\u015f oldu\u011fu bir grup siyasi parti ve t\u00f6renler sonras\u0131 gezilerine devam etti.<\/div>\n<div style=\"margin: 0in 0in 10pt\">Harran FM&rsquo;i ziyaret eden Ak Parti \u015eanl\u0131urfa Milletvekili Ramazan Ba\u015fak, radyo \u00e7al\u0131\u015fanlar\u0131yla bir araya geldi. Bir s\u00fcre radyo \u00e7al\u0131\u015fanlar\u0131 ile birlikte sohbet eden Ba\u015fak, burada \u00e7al\u0131\u015fanlara desteklerinden dolay\u0131 kendilerine te\u015fekk\u00fcr ederek ba\u015far\u0131lar\u0131n\u0131n devam\u0131n\u0131 diledi.<\/div>\n<div style=\"margin: 0in 0in 10pt\">Daha sonra Harran FM radyosunun canl\u0131 yay\u0131n\u0131na kat\u0131larak sesini Urfa&rsquo;ya duyurdu. Ard\u0131ndan Harran FM&rsquo;den ayr\u0131lan Ak Parti \u015eanl\u0131urfa Milletvekili Ramazan Ba\u015fak Atat\u00fcrk Bulvar\u0131nda bulunan \u00e7ar\u015f\u0131 esnaf\u0131n\u0131 gezerek halk\u0131n ve esnaf\u0131n sorunlar\u0131n\u0131 dinledi.<\/div>\n","protected":false},"excerpt":{"rendered":"<p>Ak Parti \u015eanl\u0131urfa Milletvekili Ramazan Ba\u015fak ziyaretlerine devam ediyor.Vekil Ba\u015fak son olarak Harran FM&#8217;i Ziyaret ederek gazeteci arkada\u015flar\u0131m\u0131zla birlikte oldu. &nbsp; Ak Parti \u015eanl\u0131urfa Milletvekili Ramazan Ba\u015fak yapm\u0131\u015f oldu\u011fu bir grup siyasi parti ve t\u00f6renler sonras\u0131 gezilerine devam etti. Harran FM&rsquo;i ziyaret eden Ak Parti \u015eanl\u0131urfa Milletvekili Ramazan Ba\u015fak, radyo \u00e7al\u0131\u015fanlar\u0131yla bir araya geldi. Bir &hellip;<\/p>\n","protected":false},"author":2,"featured_media":308,"comment_status":"open","ping_status":"open","sticky":false,"template":"","format":"standard","meta":{"footnotes":""},"categories":[8],"tags":[],"class_list":["post-309","post","type-post","status-publish","format-standard","has-post-thumbnail","hentry","category-haberler-haberler"],"_links":{"self":[{"href":"https:\/\/www.ramazanbasak.com.tr\/index.php?rest_route=\/wp\/v2\/posts\/309","targetHints":{"allow":["GET"]}}],"collection":[{"href":"https:\/\/www.ramazanbasak.com.tr\/index.php?rest_route=\/wp\/v2\/posts"}],"about":[{"href":"https:\/\/www.ramazanbasak.com.tr\/index.php?rest_route=\/wp\/v2\/types\/post"}],"author":[{"embeddable":true,"href":"https:\/\/www.ramazanbasak.com.tr\/index.php?rest_route=\/wp\/v2\/users\/2"}],"replies":[{"embeddable":true,"href":"https:\/\/www.ramazanbasak.com.tr\/index.php?rest_route=%2Fwp%2Fv2%2Fcomments&post=309"}],"version-history":[{"count":0,"href":"https:\/\/www.ramazanbasak.com.tr\/index.php?rest_route=\/wp\/v2\/posts\/309\/revisions"}],"wp:featuredmedia":[{"embeddable":true,"href":"https:\/\/www.ramazanbasak.com.tr\/index.php?rest_route=\/wp\/v2\/media\/308"}],"wp:attachment":[{"href":"https:\/\/www.ramazanbasak.com.tr\/index.php?rest_route=%2Fwp%2Fv2%2Fmedia&parent=309"}],"wp:term":[{"taxonomy":"category","embeddable":true,"href":"https:\/\/www.ramazanbasak.com.tr\/index.php?rest_route=%2Fwp%2Fv2%2Fcategories&post=309"},{"taxonomy":"post_tag","embeddable":true,"href":"https:\/\/www.ramazanbasak.com.tr\/index.php?rest_route=%2Fwp%2Fv2%2Ftags&post=309"}],"curies":[{"name":"wp","href":"https:\/\/api.w.org\/{rel}","templated":true}]}}