{"id":311,"date":"2010-06-14T12:48:14","date_gmt":"2010-06-14T09:48:14","guid":{"rendered":"https:\/\/www.ramazanbasak.com.tr\/basak-israil-haddini-asiyor"},"modified":"2010-06-14T12:48:14","modified_gmt":"2010-06-14T09:48:14","slug":"basak-israil-haddini-asiyor","status":"publish","type":"post","link":"https:\/\/www.ramazanbasak.com.tr\/?p=311","title":{"rendered":"BA\u015eAK &#8216;\u0130SRA\u0130L HADD\u0130N\u0130 A\u015eIYOR.&#8217;"},"content":{"rendered":"<p><img loading=\"lazy\" decoding=\"async\" class=\" alignleft size-full wp-image-310\" align=\"left\" width=\"200\" height=\"145\" alt=\"\" src=\"https:\/\/www.ramazanbasak.com.tr\/wp-content\/uploads\/2010\/06\/mbctv.bmp\" \/><\/p>\n<p><strong>Ak Parti \u015eanl\u0131urfa Milletvekili Ramazan Ba\u015fak \u00e7\u0131km\u0131\u015f oldu\u011fu Arap \u00fclke kanallar\u0131ndan olan MBC TV&rsquo;nin canl\u0131 yay\u0131n\u0131na kat\u0131larak \u0130srail&rsquo;i sert bir dille uyard\u0131.  <!--more-->  <\/strong><\/p>\n<div style=\"margin: 0in 0in 10pt\">T\u00fcrkiye B\u00fcy\u00fck Millet Meclisi&rsquo;nin g\u00fcndeminde olan, \u0130srail&rsquo;in Filistin&rsquo;e giden yard\u0131m gemilerine yapm\u0131\u015f oldu\u011fu kanl\u0131 sald\u0131r\u0131 sonras\u0131 T\u00fcrkiye ve daha bir\u00e7ok \u00fclkenin de g\u00fcndeminde olan sald\u0131r\u0131n\u0131n k\u0131nanmas\u0131 ve lanetlenmesine destek art\u0131yor. MBC TV ye \u00e7\u0131kan Ak Parti \u015eanl\u0131urfa Milletvekili Ramazan Ba\u015fak \u0130srail&rsquo;i yapm\u0131\u015f olduklar\u0131 olumsuz&nbsp;davran\u0131\u015flardan dolay\u0131 lanetleyerek k\u0131nad\u0131.<\/div>\n<p> &nbsp;<\/p>\n<div style=\"margin: 0in 0in 10pt\">&nbsp;Arap \u00fclkesi kanal\u0131 olan MBC TV&rsquo;ye \u00e7\u0131kan Ak Parti \u015eanl\u0131urfa Milletvekili Ramazan Ba\u015fak, &nbsp;&lsquo;Ben \u00f6ncelikle tabi &nbsp;israilin bu \u00e7irkin, \u00e7irkin \u00f6tesi insanl\u0131k d\u0131\u015f\u0131 \u00f6zellikle lanetledi\u011fimi belirtmek istiyorum. Bunu bir T\u00fcrkiye Cumhuriyeti vatanda\u015f\u0131ndan \u00f6te bir insan olarak bu d\u00fcnyada ya\u015fayan \u00fc\u00e7 be\u015f milyar insandan biri olarak yapt\u0131\u011f\u0131m\u0131 da belirtmek istiyorum. \u0130srail haddini a\u015ft\u0131. Yani bu sefer tamam\u0131yla bar\u0131\u015f\u00e7\u0131l olan tamam\u0131yla o y\u0131llard\u0131r orada peri\u015fan olan ila\u00e7 bulamad\u0131\u011f\u0131 i\u00e7in vefat eden veya yaralar\u0131 y\u0131llard\u0131r devam eden oradaki g\u00fcnahs\u0131z insanlara yard\u0131m g\u00f6t\u00fcrmek i\u00e7in d\u00fcnyan\u0131n otuz iki \u00fclkesinden K\u00fcrd\u00fc, T\u00fcrk\u00fc, Arab\u0131, \u00c7erkezi, Laz\u0131, Amerikal\u0131s\u0131, Yunanl\u0131s\u0131, Frans\u0131z&rsquo;\u0131 d\u00fcnyan\u0131n otuz iki \u00fclkesinden tarafs\u0131z sadece insanl\u0131\u011f\u0131n bu dram\u0131na son vermek i\u00e7in gelmi\u015f olan, bu insanlara yap\u0131lan zulm\u00fcn, art\u0131k \u0130srail&rsquo;in arkas\u0131na s\u0131\u011f\u0131nacak bir bahanesinin olmad\u0131\u011f\u0131na inan\u0131yorum. Ama \u0130srail dua etsin onlar\u0131n dini \u00f6l\u00fcm\u00fc bizim dinimiz insanl\u0131\u011f\u0131 korumay\u0131 ya\u015famay\u0131 ve ya\u015fatmay\u0131 imretti\u011fi i\u00e7in Ba\u015fbakan\u0131m\u0131z\u0131n s\u00f6ylemleriyle kald\u0131 burada. Yani dua etsinler hadlerini, s\u0131n\u0131rlar\u0131n\u0131 da fazla zorlamas\u0131nlar ben \u00fcmit ediyorum ki bu olaydan sonra d\u00fcnyadaki t\u00fcm insanlar insanl\u0131k, \u0130srail&rsquo;i tek ba\u015f\u0131na bir k\u00f6\u015feye itecek ve Gazze&rsquo;deki o din karde\u015flerimizin ve M\u00fcsl\u00fcman olmalar\u0131n\u0131ndan \u00f6tesinde herkes i\u00e7in insan olan oradaki insanlar\u0131n bu ma\u011fduriyeti bu \u0131zd\u0131rab\u0131 bu i\u015fkencesi bu a\u00e7\u0131k hava hapishanesi in\u015fallah ortadan kalkacak diyorum.<\/div>\n","protected":false},"excerpt":{"rendered":"<p>Ak Parti \u015eanl\u0131urfa Milletvekili Ramazan Ba\u015fak \u00e7\u0131km\u0131\u015f oldu\u011fu Arap \u00fclke kanallar\u0131ndan olan MBC TV&rsquo;nin canl\u0131 yay\u0131n\u0131na kat\u0131larak \u0130srail&rsquo;i sert bir dille uyard\u0131. T\u00fcrkiye B\u00fcy\u00fck Millet Meclisi&rsquo;nin g\u00fcndeminde olan, \u0130srail&rsquo;in Filistin&rsquo;e giden yard\u0131m gemilerine yapm\u0131\u015f oldu\u011fu kanl\u0131 sald\u0131r\u0131 sonras\u0131 T\u00fcrkiye ve daha bir\u00e7ok \u00fclkenin de g\u00fcndeminde olan sald\u0131r\u0131n\u0131n k\u0131nanmas\u0131 ve lanetlenmesine destek art\u0131yor. MBC TV ye &hellip;<\/p>\n","protected":false},"author":2,"featured_media":310,"comment_status":"open","ping_status":"open","sticky":false,"template":"","format":"standard","meta":{"footnotes":""},"categories":[8],"tags":[],"class_list":["post-311","post","type-post","status-publish","format-standard","has-post-thumbnail","hentry","category-haberler-haberler"],"_links":{"self":[{"href":"https:\/\/www.ramazanbasak.com.tr\/index.php?rest_route=\/wp\/v2\/posts\/311","targetHints":{"allow":["GET"]}}],"collection":[{"href":"https:\/\/www.ramazanbasak.com.tr\/index.php?rest_route=\/wp\/v2\/posts"}],"about":[{"href":"https:\/\/www.ramazanbasak.com.tr\/index.php?rest_route=\/wp\/v2\/types\/post"}],"author":[{"embeddable":true,"href":"https:\/\/www.ramazanbasak.com.tr\/index.php?rest_route=\/wp\/v2\/users\/2"}],"replies":[{"embeddable":true,"href":"https:\/\/www.ramazanbasak.com.tr\/index.php?rest_route=%2Fwp%2Fv2%2Fcomments&post=311"}],"version-history":[{"count":0,"href":"https:\/\/www.ramazanbasak.com.tr\/index.php?rest_route=\/wp\/v2\/posts\/311\/revisions"}],"wp:featuredmedia":[{"embeddable":true,"href":"https:\/\/www.ramazanbasak.com.tr\/index.php?rest_route=\/wp\/v2\/media\/310"}],"wp:attachment":[{"href":"https:\/\/www.ramazanbasak.com.tr\/index.php?rest_route=%2Fwp%2Fv2%2Fmedia&parent=311"}],"wp:term":[{"taxonomy":"category","embeddable":true,"href":"https:\/\/www.ramazanbasak.com.tr\/index.php?rest_route=%2Fwp%2Fv2%2Fcategories&post=311"},{"taxonomy":"post_tag","embeddable":true,"href":"https:\/\/www.ramazanbasak.com.tr\/index.php?rest_route=%2Fwp%2Fv2%2Ftags&post=311"}],"curies":[{"name":"wp","href":"https:\/\/api.w.org\/{rel}","templated":true}]}}