{"id":313,"date":"2010-06-16T08:17:11","date_gmt":"2010-06-16T05:17:11","guid":{"rendered":"https:\/\/www.ramazanbasak.com.tr\/basak-ciftcilere-seslendi"},"modified":"2010-06-16T08:17:11","modified_gmt":"2010-06-16T05:17:11","slug":"basak-ciftcilere-seslendi","status":"publish","type":"post","link":"https:\/\/www.ramazanbasak.com.tr\/?p=313","title":{"rendered":"BA\u015eAK \u00c7\u0130FT\u00c7\u0130LERE SESLEND\u0130"},"content":{"rendered":"<p><img loading=\"lazy\" decoding=\"async\" class=\" alignleft size-full wp-image-312\" align=\"left\" width=\"200\" height=\"154\" alt=\"\" src=\"https:\/\/www.ramazanbasak.com.tr\/wp-content\/uploads\/2010\/06\/trt3meclistvtarim.bmp\" \/><\/p>\n<p><strong>Ak Parti \u015eanl\u0131urfa Milletvekili Ramazan Ba\u015fak tar\u0131m \u00e7ift\u00e7isinin sorunlar\u0131n\u0131 mecliste dile getirdi. <\/strong><\/p>\n<p>&nbsp;<\/p>\n<p><font face=\"Calibri\">Ak Parti \u015eanl\u0131urfa Milletvekili Ramazan Ba\u015fak d\u00fcn saat 15:30 s\u0131ralar\u0131nda \u00e7\u0131km\u0131\u015f oldu\u011fu TRT&rsquo;3 meclis TV de \u00e7ift\u00e7ilerin sorunlar\u0131 ve y\u0131ll\u0131k tar\u0131m \u00fcr\u00fcnlerinin al\u0131m ve sat\u0131\u015f fiyatlar\u0131n\u0131 de\u011ferlendirdi. <\/font><\/p>\n<p><font face=\"Calibri\"> <!--more-->  <\/font><\/p>\n<p>&nbsp;<\/p>\n<div style=\"margin: 0in 0in 10pt\">Ak Parti \u015eanl\u0131urfa Milletvekili Ramazan Ba\u015fak &lsquo;Sayg\u0131 de\u011fer milletvekilleri iki bin on y\u0131l\u0131 hasat d\u00f6neminin \u015eanl\u0131urfa&rsquo;ya, Konya&rsquo;ya, Diyarbak\u0131r&rsquo;a, Ad\u0131yaman&rsquo;a, Yozgat&rsquo;a, Ni\u011fde&rsquo;ye k\u0131saca T\u00fcrk \u00e7ift\u00e7isine bol bereketli ve hay\u0131rl\u0131 olmas\u0131 temennisiyle hepinize sayg\u0131lar sunuyorum. Yakla\u015f\u0131k bundan bir ay \u00f6nce tar\u0131m bakan\u0131m\u0131z iki bin on y\u0131l\u0131ndaki toprak masulleri ofisinin tar\u0131m \u00fcr\u00fcnleri al\u0131m fiyatlar\u0131n\u0131 a\u00e7\u0131klad\u0131. Bunu hepimiz de yak\u0131ndan takip ettik. Bu fiyatlarla ilgili baz\u0131 rakamlar s\u00f6ylemek istiyorum. Bu fiyatlar\u0131n y\u00fcksekli\u011fi kadar hususide ben sizlerin \u015fahs\u0131n\u0131zda \u00e7ift\u00e7imizin, yetmi\u015f iki milyon insan\u0131n dikkatine sunmak istiyorum. Ben \u00e7ift\u00e7i \u00e7ocu\u011fuyum ve arazi sahibiyim ama ayn\u0131 zamanda da tar\u0131m \u00fcr\u00fcnlerinin sat\u0131\u015f\u0131yla ilgilendim. Bak\u0131n tar\u0131m bakan\u0131m\u0131z\u0131n a\u00e7\u0131klam\u0131\u015f oldu\u011fu yumu\u015fak bu\u011fday\u0131n bu seneki ton ba\u015f\u0131ndaki fiyat\u0131 be\u015f y\u00fcz elli TL, elli lirada prim veriyoruz alt\u0131 y\u00fcz TL. \u015euanda piyasa da alt\u0131 y\u00fcz TL nin \u00fczerinde vatanda\u015f \u00fcr\u00fcn\u00fcn\u00fc rahatl\u0131kla satabiliyor.&#8217; dedi.&nbsp;Y\u0131ll\u0131k tar\u0131m \u00fcr\u00fcnlerinden olan bu\u011fday\u0131n fiyatlar\u0131n\u0131 a\u00e7\u0131klayan Vekil Ba\u015fak konu\u015fmas\u0131na \u00e7ift\u00e7inin s\u0131k\u0131nt\u0131lar\u0131na de\u011finerek devam etti. Ba\u015fak &lsquo;\u00e7ift\u00e7ilerimizin 2002 den beri bu yana kesinlikle mutlu olduklar\u0131n\u0131, art\u0131 \u00e7ift\u00e7ilere desteklemelerden de prim verdiklerini dile getirdi.<\/div>\n<div style=\"margin: 0in 0in 10pt\">&nbsp;GAP&rsquo;\u0131n ba\u015fkenti ve turizmin T\u00fcrkiye&rsquo;deki ba\u015fkenti olan \u015eanl\u0131urfa \u00e7ift\u00e7isinine, say\u0131n bakanlara ve&nbsp;de\u011ferli vekil arkada\u015flar\u0131na \u015f\u00fckranlar\u0131n\u0131 ileterek herkese sayg\u0131 ve sevgilerini g\u00f6nderdi.<\/div>\n","protected":false},"excerpt":{"rendered":"<p>Ak Parti \u015eanl\u0131urfa Milletvekili Ramazan Ba\u015fak tar\u0131m \u00e7ift\u00e7isinin sorunlar\u0131n\u0131 mecliste dile getirdi. &nbsp; Ak Parti \u015eanl\u0131urfa Milletvekili Ramazan Ba\u015fak d\u00fcn saat 15:30 s\u0131ralar\u0131nda \u00e7\u0131km\u0131\u015f oldu\u011fu TRT&rsquo;3 meclis TV de \u00e7ift\u00e7ilerin sorunlar\u0131 ve y\u0131ll\u0131k tar\u0131m \u00fcr\u00fcnlerinin al\u0131m ve sat\u0131\u015f fiyatlar\u0131n\u0131 de\u011ferlendirdi. &nbsp; Ak Parti \u015eanl\u0131urfa Milletvekili Ramazan Ba\u015fak &lsquo;Sayg\u0131 de\u011fer milletvekilleri iki bin on y\u0131l\u0131 hasat &hellip;<\/p>\n","protected":false},"author":2,"featured_media":312,"comment_status":"open","ping_status":"open","sticky":false,"template":"","format":"standard","meta":{"footnotes":""},"categories":[8],"tags":[],"class_list":["post-313","post","type-post","status-publish","format-standard","has-post-thumbnail","hentry","category-haberler-haberler"],"_links":{"self":[{"href":"https:\/\/www.ramazanbasak.com.tr\/index.php?rest_route=\/wp\/v2\/posts\/313","targetHints":{"allow":["GET"]}}],"collection":[{"href":"https:\/\/www.ramazanbasak.com.tr\/index.php?rest_route=\/wp\/v2\/posts"}],"about":[{"href":"https:\/\/www.ramazanbasak.com.tr\/index.php?rest_route=\/wp\/v2\/types\/post"}],"author":[{"embeddable":true,"href":"https:\/\/www.ramazanbasak.com.tr\/index.php?rest_route=\/wp\/v2\/users\/2"}],"replies":[{"embeddable":true,"href":"https:\/\/www.ramazanbasak.com.tr\/index.php?rest_route=%2Fwp%2Fv2%2Fcomments&post=313"}],"version-history":[{"count":0,"href":"https:\/\/www.ramazanbasak.com.tr\/index.php?rest_route=\/wp\/v2\/posts\/313\/revisions"}],"wp:featuredmedia":[{"embeddable":true,"href":"https:\/\/www.ramazanbasak.com.tr\/index.php?rest_route=\/wp\/v2\/media\/312"}],"wp:attachment":[{"href":"https:\/\/www.ramazanbasak.com.tr\/index.php?rest_route=%2Fwp%2Fv2%2Fmedia&parent=313"}],"wp:term":[{"taxonomy":"category","embeddable":true,"href":"https:\/\/www.ramazanbasak.com.tr\/index.php?rest_route=%2Fwp%2Fv2%2Fcategories&post=313"},{"taxonomy":"post_tag","embeddable":true,"href":"https:\/\/www.ramazanbasak.com.tr\/index.php?rest_route=%2Fwp%2Fv2%2Ftags&post=313"}],"curies":[{"name":"wp","href":"https:\/\/api.w.org\/{rel}","templated":true}]}}