{"id":321,"date":"2010-08-11T12:41:06","date_gmt":"2010-08-11T09:41:06","guid":{"rendered":"https:\/\/www.ramazanbasak.com.tr\/basak-tan-kandil-mesaji"},"modified":"2010-08-11T12:41:06","modified_gmt":"2010-08-11T09:41:06","slug":"basak-tan-kandil-mesaji","status":"publish","type":"post","link":"https:\/\/www.ramazanbasak.com.tr\/?p=321","title":{"rendered":"BA\u015eAK&#8217; TAN KAND\u0130L MESAJI"},"content":{"rendered":"<p><img loading=\"lazy\" decoding=\"async\" class=\" alignleft size-full wp-image-65\" align=\"left\" width=\"150\" height=\"150\" alt=\"\" src=\"https:\/\/www.ramazanbasak.com.tr\/wp-content\/uploads\/2008\/06\/2.jpg\" \/><strong>\u015eanl\u0131urfa Milletvekili Ramazan BA\u015eAK, bu m\u00fcbarek gece vesilesiyle \u015eanl\u0131urfal\u0131 hem\u015ferilerinin , T\u00fcrkiyenin ve t\u00fcm \u0130slam Aleminin Regaip Kandilini kutlad\u0131. <\/strong><\/p>\n<p>&nbsp;<\/p>\n<p>BA\u015eAK, karde\u015flik ve bar\u0131\u015f\u0131n peki\u015fece\u011fi, i\u00e7te ve d\u0131\u015fta ya\u015fanan olumsuzluklara kar\u015f\u0131 birlik ve beraberlik duygular\u0131n\u0131n a\u015f\u0131lanaca\u011f\u0131,\u00fc\u00e7 aylar\u0131n habercisi Regaip Kandilinin kutlanaca\u011f\u0131 bu gecenin b\u00fct\u00fcn m\u00fcsl\u00fcmanlara hay\u0131rl\u0131 olmas\u0131n\u0131 diledi.  <!--more-->  <\/p>\n<p>Sadece m\u00fcbarek gecelerde toplumun sorunlar\u0131n\u0131n ele al\u0131nmas\u0131n\u0131n yanl\u0131\u015f oldu\u011funu, her zaman d\u00fc\u015f\u00fcn\u00fclmesi ve ele al\u0131nmas\u0131 gerekti\u011fini, toplumun ahlaki ve sosyal problemlerini adaletli bir \u015fekilde \u00e7\u00f6zme gayreti i\u00e7inde olduklar\u0131n\u0131, olu\u015fturulan istikrar\u0131n devam etmesi ve daha iyiye gidilebilmesi i\u00e7in toplumun her kesimin birbirine destek olmas\u0131 gerekti\u011fini s\u00f6yleyen BA\u015eAK, k\u00f6t\u00fcl\u00fc\u011f\u00fcn olmad\u0131\u011f\u0131 insanlar\u0131n refah ve huzur i\u00e7inde ya\u015fad\u0131klar\u0131 bir T\u00fcrkiye i\u00e7in ellerinden geleni yapacaklar\u0131n\u0131 s\u00f6zlerine ekleyerek, tekrar t\u00fcm hem\u015ferilerinin ve \u0130slam aleminin Regaip kandilini kutlayarak sevgi, sag\u0131 ve h\u00fcrmetlerini sundu.<\/p>\n","protected":false},"excerpt":{"rendered":"<p>\u015eanl\u0131urfa Milletvekili Ramazan BA\u015eAK, bu m\u00fcbarek gece vesilesiyle \u015eanl\u0131urfal\u0131 hem\u015ferilerinin , T\u00fcrkiyenin ve t\u00fcm \u0130slam Aleminin Regaip Kandilini kutlad\u0131. &nbsp; BA\u015eAK, karde\u015flik ve bar\u0131\u015f\u0131n peki\u015fece\u011fi, i\u00e7te ve d\u0131\u015fta ya\u015fanan olumsuzluklara kar\u015f\u0131 birlik ve beraberlik duygular\u0131n\u0131n a\u015f\u0131lanaca\u011f\u0131,\u00fc\u00e7 aylar\u0131n habercisi Regaip Kandilinin kutlanaca\u011f\u0131 bu gecenin b\u00fct\u00fcn m\u00fcsl\u00fcmanlara hay\u0131rl\u0131 olmas\u0131n\u0131 diledi. Sadece m\u00fcbarek gecelerde toplumun sorunlar\u0131n\u0131n ele al\u0131nmas\u0131n\u0131n &hellip;<\/p>\n","protected":false},"author":2,"featured_media":65,"comment_status":"open","ping_status":"open","sticky":false,"template":"","format":"standard","meta":{"footnotes":""},"categories":[8],"tags":[],"class_list":["post-321","post","type-post","status-publish","format-standard","has-post-thumbnail","hentry","category-haberler-haberler"],"_links":{"self":[{"href":"https:\/\/www.ramazanbasak.com.tr\/index.php?rest_route=\/wp\/v2\/posts\/321","targetHints":{"allow":["GET"]}}],"collection":[{"href":"https:\/\/www.ramazanbasak.com.tr\/index.php?rest_route=\/wp\/v2\/posts"}],"about":[{"href":"https:\/\/www.ramazanbasak.com.tr\/index.php?rest_route=\/wp\/v2\/types\/post"}],"author":[{"embeddable":true,"href":"https:\/\/www.ramazanbasak.com.tr\/index.php?rest_route=\/wp\/v2\/users\/2"}],"replies":[{"embeddable":true,"href":"https:\/\/www.ramazanbasak.com.tr\/index.php?rest_route=%2Fwp%2Fv2%2Fcomments&post=321"}],"version-history":[{"count":0,"href":"https:\/\/www.ramazanbasak.com.tr\/index.php?rest_route=\/wp\/v2\/posts\/321\/revisions"}],"wp:featuredmedia":[{"embeddable":true,"href":"https:\/\/www.ramazanbasak.com.tr\/index.php?rest_route=\/wp\/v2\/media\/65"}],"wp:attachment":[{"href":"https:\/\/www.ramazanbasak.com.tr\/index.php?rest_route=%2Fwp%2Fv2%2Fmedia&parent=321"}],"wp:term":[{"taxonomy":"category","embeddable":true,"href":"https:\/\/www.ramazanbasak.com.tr\/index.php?rest_route=%2Fwp%2Fv2%2Fcategories&post=321"},{"taxonomy":"post_tag","embeddable":true,"href":"https:\/\/www.ramazanbasak.com.tr\/index.php?rest_route=%2Fwp%2Fv2%2Ftags&post=321"}],"curies":[{"name":"wp","href":"https:\/\/api.w.org\/{rel}","templated":true}]}}