{"id":323,"date":"2010-08-11T12:56:38","date_gmt":"2010-08-11T09:56:38","guid":{"rendered":"https:\/\/www.ramazanbasak.com.tr\/basaktan-ozkoke-cevap"},"modified":"2010-08-11T12:56:38","modified_gmt":"2010-08-11T09:56:38","slug":"basaktan-ozkoke-cevap","status":"publish","type":"post","link":"https:\/\/www.ramazanbasak.com.tr\/?p=323","title":{"rendered":"Ba\u015fak&#8217;tan \u00d6zk\u00f6k&#8217;e Cevap"},"content":{"rendered":"<p><img loading=\"lazy\" decoding=\"async\" class=\" alignleft size-full wp-image-187\" align=\"left\" width=\"260\" height=\"180\" alt=\"\" src=\"https:\/\/www.ramazanbasak.com.tr\/wp-content\/uploads\/2010\/01\/12051.jpg\" \/><\/p>\n<p><strong>Ak Parti \u015eanl\u0131urfa Milletvekili Ramazan Ba\u015fak, Erkan Tan&#8217;n\u0131n konu\u011fu olarak \u00f6nemli a\u00e7\u0131klamalarda bulundu.<\/strong><\/p>\n<p>&nbsp;<\/p>\n<p><span style=\"font-family: &quot;Verdana&quot;, &quot;sans-serif&quot;\">Ak Parti \u015eanl\u0131urfa Milletvekili Ramazan Ba\u015fak, bu sabah Tv8 Ankara Temsilcisi Erkan Tan&rsquo;\u0131n sundu\u011fu, Erkan Tan ile Ba\u015fkent&rsquo;ten program\u0131n\u0131n konu\u011fu oldu. <br \/>  <!--more-->  <\/span><\/p>\n<p><span style=\"font-family: &quot;Verdana&quot;, &quot;sans-serif&quot;\">K\u00fcrt ve T\u00fcrk vatanda\u015flar\u0131n, bir arada ya\u015fay\u0131p ya\u015fayamayacaklar\u0131n\u0131 sorgulayan Ertu\u011frul \u00d6zk\u00f6k&rsquo;\u00fcn yaz\u0131s\u0131na de\u011finen Ba\u015fak; &ldquo;Ertu\u011frul \u00d6zk\u00f6k&rsquo;\u00fcn bundan \u015f\u00fcphesi mi var? Biz her t\u00fcrl\u00fc m\u00fccadelemize devam edece\u011fiz. \u0130nad\u0131na demokrasi, inad\u0131na birlik beraberlik, inad\u0131na K\u00fcrt, T\u00fcrk, Laz karde\u015fli\u011fi, inad\u0131na T\u00fcrkiye Cumhuriyeti diyoruz&rdquo; diyerek \u00d6zk\u00f6k&rsquo;\u00fcn s\u00f6zlerini ele\u015ftirdi.<\/p>\n<p> <b>&ldquo;TER\u00d6R\u00dcN ARTMASININ NEDENLER\u0130 VAR!&rdquo;<\/b><\/p>\n<p> Ba\u015fak, Ba\u015fbakan Recep Tayyip Erdo\u011fan&rsquo;\u0131n d\u00f6neminde ter\u00f6r\u00fcn artt\u0131\u011f\u0131n\u0131 d\u00fc\u015f\u00fcnenlere &ldquo; Evet. Ter\u00f6r, Ba\u015fbakan Tayyip Erdo\u011fan d\u00f6neminde k\u0131smen artm\u0131\u015ft\u0131r. Ancak bunun sebebi ba\u015fbakan\u0131m\u0131z\u0131n \u00fclkede s\u0131n\u0131f atlatacak giri\u015fimlerde bulunmu\u015f olmas\u0131d\u0131r. Bu giri\u015fimlerin amac\u0131 da, 72 milyon insan\u0131m\u0131z\u0131n, evlatlar\u0131m\u0131z\u0131n Avrupa standartlar\u0131na kavu\u015fabilmesidir. \u00dclkemizin demokratikle\u015fmesi ve ayd\u0131nlanmas\u0131n\u0131 istemeyen her t\u00fcrl\u00fc i\u00e7 ve d\u0131\u015f g\u00fc\u00e7 odaklar\u0131 ve i\u015fbirlik\u00e7iler ter\u00f6r\u00fcn artmas\u0131n\u0131 hem istiyorlar hem destekliyorlar&rdquo; diyerek Ba\u015fbakana kar\u015f\u0131 y\u00f6neltilen ele\u015ftirilere sert cevap verdi.<\/p>\n<p> <b>&ldquo;TER\u00d6R\u0130ST DE B\u0130Z\u0130M VATANDA\u015eIMIZ!&rdquo;<\/b><\/p>\n<p> &ldquo;Ben ABD&rsquo;yi, d\u00fcnyay\u0131 gezmi\u015f, tecr\u00fcbe etmi\u015f bir insan\u0131m. O b\u00f6lgeyi de iyi tan\u0131r\u0131m. G\u00fcvenlik g\u00fc\u00e7lerimizi \u00f6ld\u00fcren ki\u015finin ailesinden \u00fcyeler de yine bizim vatan\u0131m\u0131zda, topraklar\u0131m\u0131zda askerlik yap\u0131yor. Ter\u00f6rist de vatanda\u015f\u0131m\u0131z. Onu da\u011fa g\u00f6nderen ailenin, b\u00fcrokrasinin hi\u00e7 mi su\u00e7u yok? Ger\u00e7ek su\u00e7luyu ar\u0131yorsak ter\u00f6risti da\u011fa g\u00f6nderenlere odaklanmam\u0131z laz\u0131m. Ter\u00f6r, yaln\u0131z askeri y\u00f6ntemlerle \u00e7\u00f6z\u00fclemez&rdquo; dedi.<\/p>\n<p> <b>&ldquo;YAL\u00c7IN TOP\u00c7U TEKN\u0130K D\u0130REKT\u00d6R EDASINDA B\u0130R L\u0130DER&rdquo;<\/b><\/p>\n<p> Yal\u00e7\u0131n Top\u00e7u&rsquo;nun mecliste &ldquo;DSP ve Saadet Partisi ile beraber olmak isteriz ifadesine Ba\u015fak ; &ldquo;Kendi partisi i\u00e7in oy isteyen lider g\u00f6rm\u00fc\u015ft\u00fcm ama 37 y\u0131ll\u0131k hayat\u0131mda ba\u015fka partileri de i\u015fin i\u00e7ine sokup, teknik direkt\u00f6r edas\u0131 ile meclisi kendi iste\u011fine g\u00f6re dizayn etmeye \u00e7al\u0131\u015fan bir lider g\u00f6rmemi\u015ftim&rdquo; s\u00f6zlerini kaydetti.<\/p>\n<p> <b>&ldquo;B\u0130Z DE M\u0130LL\u0130YET\u00c7\u0130Y\u0130Z&rdquo;<\/b><\/p>\n<p> Muhsin Yaz\u0131c\u0131o\u011flu&rsquo;na rahmet dileyerek s\u00f6zlerine devam eden Ba\u015fak: &ldquo;Muhsin Bey, \u0131rk\u00e7\u0131l\u0131k yapmayan de\u011ferli bir liderdi. Milliyet\u00e7ilik; \u0131rk\u00e7\u0131l\u0131k yapmadan insanlar\u0131n\u0131, vatan\u0131n\u0131 sevmekse o zaman biz de Milliyet\u00e7iyiz. OHAL isteyenler gibi olsak o b\u00f6lgedeki vatanda\u015flar\u0131n hepsini yakmam\u0131z gerekir. OHAL daha \u00f6nce o b\u00f6lgede denendi ancak hepimizin bildi\u011fi gibi ba\u015far\u0131l\u0131 olamad\u0131&rdquo; dedi. <\/p>\n<p> <b>&ldquo;G\u00dcNEYDO\u011eU HALKININ DA BU \u00dcLKEDE EME\u011e\u0130, HAKKI VAR&rdquo;<\/b><\/p>\n<p> Ba\u015fak, Do\u011fu ve G\u00fcneydo\u011fu halk\u0131n\u0131n bu \u00fclkede olduk\u00e7a fazla eme\u011finin oldu\u011funun alt\u0131n\u0131 \u00e7izerek, orada ya\u015fayan halk\u0131n g\u00f6rmezden gelinmemesi gerekti\u011fini belirtti. &ldquo;\u0130stanbul&rsquo;un Atas\u0131 ile G\u00fcneydo\u011fu&rsquo;nun Atas\u0131 ge\u00e7mi\u015fte beraber \u015fehit oldular&rdquo; s\u00f6zlerini ekledi.<\/p>\n<p> 22 Temmuz se\u00e7imlerinde s\u00f6zde K\u00fcrt halk\u0131n\u0131 savundu\u011funu ve onlar\u0131 temsil etti\u011fini s\u00f6yleyen siyasi iradenin, Ak Parti ile k\u0131yaslanamayaca\u011f\u0131 al\u0131nan oylarla kendini g\u00f6stermi\u015ftir. Birileri kaos ortam\u0131 olu\u015fturmaya \u00e7al\u0131\u015f\u0131yor. Sun\u00ee bir beklenti i\u00e7erisindeler&rdquo; s\u00f6zlerini kaydetti.<\/p>\n<p> <b>OKUMU\u015eLARIN OYUNU \u00dc\u00c7LE M\u0130 \u00c7ARPALIM?<\/b><\/p>\n<p> Kendi partilerine, genel olarak a\u015firetlerden ve okuma-yazma bilmeyen kesimden oylar\u0131n geldi\u011fi iddialar\u0131na sert cevap veren Ba\u015fak: &ldquo;Kimin a\u015fireti yok ki? Herkesin a\u015fireti var. Bir insan herhangi bir federasyona \u00fcyeyse, o da bir a\u015firete sahip demektir. Bir insan okuma, yazma bilmiyor olabilir. Onlar\u0131n ya\u015fad\u0131\u011f\u0131 yere okul g\u00f6nderdiniz de onlar m\u0131 okumad\u0131? Ayr\u0131ca okuma-yazma bilmeyen pek \u00e7ok insan\u0131n, bilen insanlara g\u00f6re, olaylar\u0131 daha iyi kavrad\u0131\u011f\u0131na \u015fahit oldum&rdquo; dedi. Kendi oyuyla, Ba\u015fbakan&rsquo;\u0131n oyuyla, okuma yazma bilmeyen da\u011fdaki bir \u00e7oban\u0131n oyunun bir oldu\u011funu vurgulayan Ba\u015fak, &ldquo;Bu tart\u0131\u015fmalara gireceksek profes\u00f6rlerin oyunu 5000 ile mi \u00e7arpaca\u011f\u0131z? diye sordu.<\/p>\n<p> <b>&ldquo;BEN\u0130M \u0130STANBUL&rsquo;DA HAKKIM VARSA, S\u0130Z\u0130N DE \u015eANLIURFA&rsquo;DA VAR&rdquo;<\/b><\/p>\n<p> &ldquo;Ad\u0131yaman&rsquo;a, Bal\u0131kl\u0131g\u00f6l&rsquo;e gelin, buralar\u0131 da g\u00f6r\u00fcn. Teredd\u00fct etmeyin bu memleket sizin. \u00dclkemizin de\u011ferlerine sahip \u00e7\u0131k\u0131n. Benim \u0130stanbul&rsquo;da nas\u0131l hakk\u0131m varsa sizin de \u015eanl\u0131urfa&rsquo;da o kadar hakk\u0131n\u0131z var&rdquo; diyerek s\u00f6zlerini tamamlad\u0131.<\/span><\/p>\n","protected":false},"excerpt":{"rendered":"<p>Ak Parti \u015eanl\u0131urfa Milletvekili Ramazan Ba\u015fak, Erkan Tan&#8217;n\u0131n konu\u011fu olarak \u00f6nemli a\u00e7\u0131klamalarda bulundu. &nbsp; Ak Parti \u015eanl\u0131urfa Milletvekili Ramazan Ba\u015fak, bu sabah Tv8 Ankara Temsilcisi Erkan Tan&rsquo;\u0131n sundu\u011fu, Erkan Tan ile Ba\u015fkent&rsquo;ten program\u0131n\u0131n konu\u011fu oldu. K\u00fcrt ve T\u00fcrk vatanda\u015flar\u0131n, bir arada ya\u015fay\u0131p ya\u015fayamayacaklar\u0131n\u0131 sorgulayan Ertu\u011frul \u00d6zk\u00f6k&rsquo;\u00fcn yaz\u0131s\u0131na de\u011finen Ba\u015fak; &ldquo;Ertu\u011frul \u00d6zk\u00f6k&rsquo;\u00fcn bundan \u015f\u00fcphesi mi var? &hellip;<\/p>\n","protected":false},"author":2,"featured_media":187,"comment_status":"open","ping_status":"open","sticky":false,"template":"","format":"standard","meta":{"footnotes":""},"categories":[8],"tags":[],"class_list":["post-323","post","type-post","status-publish","format-standard","has-post-thumbnail","hentry","category-haberler-haberler"],"_links":{"self":[{"href":"https:\/\/www.ramazanbasak.com.tr\/index.php?rest_route=\/wp\/v2\/posts\/323","targetHints":{"allow":["GET"]}}],"collection":[{"href":"https:\/\/www.ramazanbasak.com.tr\/index.php?rest_route=\/wp\/v2\/posts"}],"about":[{"href":"https:\/\/www.ramazanbasak.com.tr\/index.php?rest_route=\/wp\/v2\/types\/post"}],"author":[{"embeddable":true,"href":"https:\/\/www.ramazanbasak.com.tr\/index.php?rest_route=\/wp\/v2\/users\/2"}],"replies":[{"embeddable":true,"href":"https:\/\/www.ramazanbasak.com.tr\/index.php?rest_route=%2Fwp%2Fv2%2Fcomments&post=323"}],"version-history":[{"count":0,"href":"https:\/\/www.ramazanbasak.com.tr\/index.php?rest_route=\/wp\/v2\/posts\/323\/revisions"}],"wp:featuredmedia":[{"embeddable":true,"href":"https:\/\/www.ramazanbasak.com.tr\/index.php?rest_route=\/wp\/v2\/media\/187"}],"wp:attachment":[{"href":"https:\/\/www.ramazanbasak.com.tr\/index.php?rest_route=%2Fwp%2Fv2%2Fmedia&parent=323"}],"wp:term":[{"taxonomy":"category","embeddable":true,"href":"https:\/\/www.ramazanbasak.com.tr\/index.php?rest_route=%2Fwp%2Fv2%2Fcategories&post=323"},{"taxonomy":"post_tag","embeddable":true,"href":"https:\/\/www.ramazanbasak.com.tr\/index.php?rest_route=%2Fwp%2Fv2%2Ftags&post=323"}],"curies":[{"name":"wp","href":"https:\/\/api.w.org\/{rel}","templated":true}]}}