{"id":325,"date":"2010-08-11T13:03:02","date_gmt":"2010-08-11T10:03:02","guid":{"rendered":"https:\/\/www.ramazanbasak.com.tr\/basak-muhalefete-yuklendi"},"modified":"2010-08-11T13:03:02","modified_gmt":"2010-08-11T10:03:02","slug":"basak-muhalefete-yuklendi","status":"publish","type":"post","link":"https:\/\/www.ramazanbasak.com.tr\/?p=325","title":{"rendered":"Ba\u015fak Muhalefete Y\u00fcklendi"},"content":{"rendered":"<p><img loading=\"lazy\" decoding=\"async\" class=\" alignleft size-full wp-image-324\" align=\"left\" width=\"200\" height=\"137\" alt=\"\" src=\"https:\/\/www.ramazanbasak.com.tr\/wp-content\/uploads\/2010\/08\/hasta1.jpg\" srcset=\"https:\/\/www.ramazanbasak.com.tr\/wp-content\/uploads\/2010\/08\/hasta1.jpg 259w, https:\/\/www.ramazanbasak.com.tr\/wp-content\/uploads\/2010\/08\/hasta1-220x150.jpg 220w\" sizes=\"auto, (max-width: 200px) 100vw, 200px\" \/><\/p>\n<p><strong>Ak Parti \u015eanl\u0131urfa Milletvekili Ramazan Ba\u015fak d\u00fcn CNNTURK&#8217;e konuk oldu ve muhalefeti ele\u015ftirerek \u00f6nemli a\u00e7\u0131klamalarda bulundu.<\/strong><\/p>\n<p>&nbsp;<\/p>\n<p><strong><b>Ak Parti \u015eanl\u0131urfa Milletvekili Ramazan Ba\u015fak, CNNTURK&rsquo;teydi. <!--more-->  <\/b><\/strong> <\/p>\n<p>&nbsp;<\/p>\n<div style=\"margin: 0in 0in 10pt\">Ba\u015fbakan Recep Tayyip Erdo\u011fan&rsquo;n\u0131n grup toplant\u0131s\u0131nda yapm\u0131\u015f a\u00e7\u0131klamalardan sonra CNNTURK&rsquo;te yay\u0131mlanan &lsquo;bug\u00fcn&rsquo; program\u0131na konuk olan Ak Parti \u015eanl\u0131urfa Milletvekili Ramazan Ba\u015fak&rsquo;da \u00f6nemli a\u00e7\u0131klamalarda bulundu.<\/div>\n<div style=\"margin: 0in 0in 10pt\"><b>Att\u0131\u011f\u0131m\u0131z ad\u0131mlar T\u00fcrkiye i\u00e7in<\/b><\/div>\n<div style=\"margin: 0in 0in 10pt\">Ak Parti \u015eanl\u0131urfa Milletvekili Ramazan Ba\u015fak, &lsquo;Att\u0131\u011f\u0131n\u0131z ad\u0131m\u0131n i\u00e7erisinde samimiyet olursa, hamleleriniz i\u00e7inde ger\u00e7ekten samimiyseniz bence sadece do\u011fu ve g\u00fcneydo\u011fuya de\u011fil t\u00fcm T\u00fcrkiye deki yetmi\u015f iki milyon insana i\u00e7in hay\u0131rl\u0131 bir giri\u015fim olacakt\u0131r. Bunu s\u00f6ylerken adalet ve kalk\u0131nma partililer olarak samimiyetimizden hi\u00e7bir \u015f\u00fcphemiz yok, ben Say\u0131n K\u0131l\u0131\u00e7taro\u011flu&rsquo;nun samimiyetine inanmak istiyorum. T\u00fcrkiye&rsquo;nin maalesef, Say\u0131n K\u0131l\u0131\u00e7taro\u011flu&rsquo;nun \u00f6ncesinde \u00f6zellikle ana muhalefet partisinin T\u00fcrkiye ile ilgili meselelerde bir k\u0131s\u0131r d\u00fcng\u00fcn\u00fcn d\u0131\u015f\u0131na \u00e7\u0131kamad\u0131\u011f\u0131n\u0131 g\u00f6rd\u00fck.<\/div>\n<div style=\"margin: 0in 0in 10pt\"><b>CHP y\u00f6ntemini de\u011fi\u015ftirmeli<\/b><\/div>\n<div style=\"margin: 0in 0in 10pt\">Cumhuriyet halk partisinin eski lideri Deniz Baykal, &lsquo;siz K\u00fcrtlere etnik anlamda bir televizyon a\u00e7arsan\u0131z hem maddi boyutundan bahsediyor ki, T\u00fcrkiye Cumhuriyeti g\u00fc\u00e7l\u00fc bir devlet, Araplarda \u00c7erkezlerde sizden b\u00f6yle bir \u015fey ister. Ak Parti \u015eanl\u0131urfa milletvekili Ramazan Ba\u015fak ise Baykal&rsquo;a &lsquo;b\u00f6lgede T\u00fcrk\u00e7e bilmeyen, ama T\u00fcrk\u00e7e bilmemesinin sebebi istemediklerinden dolay\u0131 de\u011fil devletin o b\u00f6lgeye e\u011fitim alan\u0131nda gerekli olan yat\u0131r\u0131mlar\u0131 yapmamas\u0131ndan veya g\u00f6nderdi\u011fi \u00f6\u011fretmenleri koruyamamas\u0131ndan kaynaklanan sebeplerden dolay\u0131 T\u00fcrk\u00e7e bilmeyen insanlar\u0131m\u0131z\u0131n ter\u00f6r \u00f6rg\u00fct\u00fcn\u00fcn yay\u0131n organlar\u0131na olan ba\u011fl\u0131l\u0131\u011f\u0131n\u0131 ortadan kald\u0131rmak i\u00e7in a\u00e7m\u0131\u015f oldu\u011fumuz TRT6&rsquo;i baltalamak i\u00e7in b\u00f6yle bir s\u00f6ylemde bulunuyor. Ama biz o s\u00f6ylemi bile \u00e7ok k\u0131sa bir s\u00fcre \u00f6nce ARAP k\u00f6kenli vatanda\u015flar\u0131m\u0131z i\u00e7in ARAP tv yi a\u00e7arak bu a\u00e7\u0131l\u0131m\u0131 herkese ispatlad\u0131klar\u0131n\u0131 belirterek Baykal&rsquo;a cevap verdi.<\/div>\n<div style=\"margin: 0in 0in 10pt\"><b>Halk\u0131n karar\u0131na raz\u0131 olmak zorunday\u0131z.<\/b><\/div>\n<div style=\"margin: 0in 0in 10pt\">Vekil Ba\u015fak, 12 Eyl\u00fclde yap\u0131lacak olan referandum se\u00e7iminde muhalefet partilerine seslenerek, anayasa mahkemesine de\u011fil halka gidin \u00e7a\u011fr\u0131s\u0131ndan bulundu.<\/div>\n<div style=\"margin: 0in 0in 10pt\"><b>BDP baz\u0131 g\u00fc\u00e7lerin alt\u0131ndan elini \u00e7ekerse ter\u00f6r olay\u0131 biter.<\/b><\/div>\n<div style=\"margin: 0in 0in 10pt\">Ba\u015fak, &lsquo;BDP&rsquo;nin t\u00fcm samimiyetiyle \u00fcstlerine bir sorumluluk al\u0131rlarsa ter\u00f6r sorunun ortadan kalkaca\u011f\u0131n\u0131, T\u00fcrkiye&rsquo;nin demokrasi yolunda bir \u00f6nemli ad\u0131m\u0131n e\u015fi\u011fini ataca\u011f\u0131n\u0131 belirtti.<\/div><\/p>\n","protected":false},"excerpt":{"rendered":"<p>Ak Parti \u015eanl\u0131urfa Milletvekili Ramazan Ba\u015fak d\u00fcn CNNTURK&#8217;e konuk oldu ve muhalefeti ele\u015ftirerek \u00f6nemli a\u00e7\u0131klamalarda bulundu. &nbsp; Ak Parti \u015eanl\u0131urfa Milletvekili Ramazan Ba\u015fak, CNNTURK&rsquo;teydi. &nbsp; Ba\u015fbakan Recep Tayyip Erdo\u011fan&rsquo;n\u0131n grup toplant\u0131s\u0131nda yapm\u0131\u015f a\u00e7\u0131klamalardan sonra CNNTURK&rsquo;te yay\u0131mlanan &lsquo;bug\u00fcn&rsquo; program\u0131na konuk olan Ak Parti \u015eanl\u0131urfa Milletvekili Ramazan Ba\u015fak&rsquo;da \u00f6nemli a\u00e7\u0131klamalarda bulundu. Att\u0131\u011f\u0131m\u0131z ad\u0131mlar T\u00fcrkiye i\u00e7in Ak Parti &hellip;<\/p>\n","protected":false},"author":2,"featured_media":324,"comment_status":"open","ping_status":"open","sticky":false,"template":"","format":"standard","meta":{"footnotes":""},"categories":[8],"tags":[],"class_list":["post-325","post","type-post","status-publish","format-standard","has-post-thumbnail","hentry","category-haberler-haberler"],"_links":{"self":[{"href":"https:\/\/www.ramazanbasak.com.tr\/index.php?rest_route=\/wp\/v2\/posts\/325","targetHints":{"allow":["GET"]}}],"collection":[{"href":"https:\/\/www.ramazanbasak.com.tr\/index.php?rest_route=\/wp\/v2\/posts"}],"about":[{"href":"https:\/\/www.ramazanbasak.com.tr\/index.php?rest_route=\/wp\/v2\/types\/post"}],"author":[{"embeddable":true,"href":"https:\/\/www.ramazanbasak.com.tr\/index.php?rest_route=\/wp\/v2\/users\/2"}],"replies":[{"embeddable":true,"href":"https:\/\/www.ramazanbasak.com.tr\/index.php?rest_route=%2Fwp%2Fv2%2Fcomments&post=325"}],"version-history":[{"count":0,"href":"https:\/\/www.ramazanbasak.com.tr\/index.php?rest_route=\/wp\/v2\/posts\/325\/revisions"}],"wp:featuredmedia":[{"embeddable":true,"href":"https:\/\/www.ramazanbasak.com.tr\/index.php?rest_route=\/wp\/v2\/media\/324"}],"wp:attachment":[{"href":"https:\/\/www.ramazanbasak.com.tr\/index.php?rest_route=%2Fwp%2Fv2%2Fmedia&parent=325"}],"wp:term":[{"taxonomy":"category","embeddable":true,"href":"https:\/\/www.ramazanbasak.com.tr\/index.php?rest_route=%2Fwp%2Fv2%2Fcategories&post=325"},{"taxonomy":"post_tag","embeddable":true,"href":"https:\/\/www.ramazanbasak.com.tr\/index.php?rest_route=%2Fwp%2Fv2%2Ftags&post=325"}],"curies":[{"name":"wp","href":"https:\/\/api.w.org\/{rel}","templated":true}]}}