{"id":326,"date":"2010-08-11T13:24:08","date_gmt":"2010-08-11T10:24:08","guid":{"rendered":"https:\/\/www.ramazanbasak.com.tr\/basak-turkiyeyi-urfaya-davet-etti"},"modified":"2010-08-11T13:24:08","modified_gmt":"2010-08-11T10:24:08","slug":"basak-turkiyeyi-urfaya-davet-etti","status":"publish","type":"post","link":"https:\/\/www.ramazanbasak.com.tr\/?p=326","title":{"rendered":"Ba\u015fak T\u00fcrkiye&#8221;yi Urfa&#8221;ya Davet Etti."},"content":{"rendered":"<p><img loading=\"lazy\" decoding=\"async\" class=\" alignleft size-full wp-image-11\" align=\"left\" width=\"230\" height=\"153\" alt=\"\" src=\"https:\/\/www.ramazanbasak.com.tr\/wp-content\/uploads\/2008\/10\/29ekim.jpg\" \/><\/p>\n<p><strong>Ak Parti \u015eanl\u0131urfa Milletvekili Ramazan Ba\u015fak d\u00fcn ak\u015fam saatlerinde TRT5&rsquo;e konuk oldu. <\/strong><\/p>\n<p>&nbsp;<\/p>\n<p><strong>TRT5 Anadolu TV &lsquo;de yay\u0131nlanan <b>&lsquo;vekilin g\u00fcndemi&rsquo;<\/b> program\u0131na kat\u0131lan Ba\u015fak \u00f6nemli a\u00e7\u0131klamalarda bulunarak, t\u00fcm T\u00fcrkiye&rsquo;yi, memleketi \u015eanl\u0131urfa&rsquo;ya davet etti.<\/strong> <!--more-->  <\/p>\n<p><strong>Ba\u015fak &ldquo;Yetmi\u015f iki milyon ki\u015fi ne derse bizim i\u00e7in \u00f6nemli&rdquo;<\/p>\n<p> <\/strong><\/p>\n<div style=\"margin: 0in 0in 10pt\">Ak Parti \u015eanl\u0131urfa Milletvekili Ramazan Ba\u015fak, &lsquo;yetmi\u015f iki milyon insan\u0131n taleplerini, biz \u0131rak&rsquo;taki kom\u015fular\u0131m\u0131zla \u00f6rt\u00fc\u015ft\u00fc\u011f\u00fcm\u00fcze inan\u0131yoruz. \u0130ran&rsquo;dakilerle \u00f6rt\u00fc\u015ft\u00fc\u011f\u00fcne inan\u0131yoruz. Yunanistan&rsquo;dakine \u00f6rt\u00fc\u015ft\u00fc\u011f\u00fcne inan\u0131yoruz.&nbsp;Kom\u015fular\u0131m\u0131z\u0131n t\u00fcm\u00fcyle \u00f6rt\u00fc\u015ft\u00fc\u011f\u00fcne inan\u0131yoruz. Siz yetmi\u015f iki milyon insan\u0131n Avrupa standartlar\u0131na ula\u015fm\u0131\u015f, ayd\u0131nl\u0131k yar\u0131nlar\u0131 olan, kendine \u00f6z g\u00fcveni olan, d\u00fcnya arenas\u0131nda uluslar aras\u0131 arenada kabul g\u00f6rm\u00fc\u015f bir vatanda\u015fl\u0131k profilini olu\u015fturmak istiyorsan\u0131z siz kom\u015fular\u0131n\u0131zla ve d\u00fcnyayla entegre olman\u0131z laz\u0131m.&rsquo; Dedi.<\/div>\n<p><b>T\u00fcrkiye bir Avrupa \u00fclkesi<\/b><\/p>\n<p> Ak Parti \u015eanl\u0131urfa Milletvekili Ramazan Ba\u015fak, T\u00fcrkiye&rsquo;nin bir Avrupa \u00fclkesi oldu\u011funu belirterek \u015funlar\u0131 dile getirdi. &lsquo;T\u00fcrkiye bir Kafkas \u00fclkesi mi, T\u00fcrkiye bir Ortado\u011fu \u00fclkesi mi, T\u00fcrkiye bir Akdeniz \u00fclkesi mi, T\u00fcrkiye bir Karadeniz \u00fclkesi mi. Peki bu bahsi ge\u00e7en yerlerde de de\u011fi\u015fik de\u011fi\u015fik \u00fclkeler var. Siz Kafkasya izledi\u011finiz politikay\u0131 Avrupa ya entegre edebilir misiniz. Onlar\u0131n ayr\u0131 bir k\u00fclt\u00fcrleri var sava\u015f taktikleri ayr\u0131 mazileri ayr\u0131 Osmanl\u0131dan kaynaklanan binlerce y\u0131ll\u0131k maziniz var. Siz politikan\u0131n i\u015fte bu kadar geni\u015f bir cografyaya g\u00f6re \u015fekilendirmek zorundas\u0131n\u0131z. T\u00fcrkiye \u00fcst\u00fcne d\u00fc\u015fen g\u00f6revleri yap\u0131yor.&rsquo; Diye konu\u015ftu.<br \/> &nbsp;<\/p>\n<div style=\"margin: 0in 0in 10pt\">&nbsp;<b>Ba\u015fak &lsquo;T\u00fcrkiye&rsquo;den umutluyum&rsquo;<\/b>&nbsp;<\/div>\n<div style=\"margin: 0in 0in 10pt\">Vekil Ba\u015fak, \u00f6te yandan a\u00e7\u0131l\u0131m paketini konu\u015farak, \u015fu c\u00fcmlelere yer verdi. &lsquo; T\u00fcrkiye&rsquo;nin gelece\u011finden umutluyum, \u00e7\u00fcnk\u00fc partim oldu\u011fu i\u00e7in de\u011fil. \u0130ktidara geli\u015fiyle birlikte T\u00fcrkiye&rsquo;de bir \u015fey de\u011fi\u015fti. T\u00fcrkiye hatalar\u0131n\u0131 kabul etmeye ba\u015flad\u0131, T\u00fcrkiye ge\u00e7mi\u015fteki yap\u0131lan yanl\u0131\u015fl\u0131klar\u0131na projekt\u00f6r \u00e7evirdi, T\u00fcrkiye ge\u00e7mi\u015fte gerek i\u00e7te ve gerek d\u0131\u015ftaki g\u00fc\u00e7lerin, bu insanlar\u0131m\u0131z \u00fczerinde oynanan oyunlar\u0131 kabul etmeye ba\u015flad\u0131. Seksenli y\u0131llar \u00f6ncesinde ya\u015fanan sa\u011f, sol diye birbirine k\u0131rd\u0131lt\u0131ld\u0131. Bir evin i\u00e7erisin iki karde\u015f bir solcu <b>kom\u00fcnist,<\/b> di\u011feri ise sa\u011fc\u0131 <b>fa\u015fist <\/b>ayn\u0131 anne baban\u0131n evlad\u0131. Birileri bu ortam\u0131 sa\u011flad\u0131. Ve T\u00fcrkiye 12 eyl\u00fcl 1980 darbesini g\u00f6rd\u00fc\u011f\u00fcn\u00fc s\u00f6yledi.&nbsp;<\/div>\n<div style=\"margin: 0in 0in 10pt\"><b>\u00c7ocu\u011funuzun elinden tutun Urfa&rsquo;ya gelin&hellip;<\/b>&nbsp;<\/div>\n<div style=\"margin: 0in 0in 10pt\">Ba\u015fak, t\u00fcm T\u00fcrkiye&rsquo;de ya\u015fayan vatanda\u015flara seslenerek \u015eanl\u0131urfa&rsquo;da tatillerini ge\u00e7irmelerini isteyerek, bu topraklar hepimizin Urfa sizin Trabzon benim Antalya benim, \u0130stanbul benim, Mardin sizin, gelin g\u00f6r\u00fcn ordaki insanlar\u0131n misafirperverli\u011fini inan\u00e7 y\u00f6n\u00fcnden karde\u015fli\u011finizi \u00fclke y\u00f6n\u00fcnden karde\u015fli\u011finizi yetmi\u015f iki milyonun nas\u0131l b\u00fct\u00fcn oldu\u011funu, o insan\u0131n ter\u00f6r belas\u0131ndan en fazla etkilendi\u011fini gelin g\u00f6r\u00fcn.&rsquo; Diye seslendi.&nbsp;<\/div>\n<div style=\"margin: 0in 0in 10pt\"><b>GAP&rsquo;a \u00f6nem veriyoruz<\/b>&nbsp;<\/div>\n<div style=\"margin: 0in 0in 10pt\">T\u00fcrkiye&rsquo;de \u00fcretilen elektri\u011fin y\u00fczde yirmi dokuzu, sulanabilen tar\u0131m arazilerinin be\u015fte biri y\u00fczde yirmi k\u00fcs\u00fcr\u00fc GAP&rsquo;ta.. biz GAP&rsquo;a GAP eylem plan\u0131 i\u00e7erisinde 2012 y\u0131l\u0131nda bitirece\u011fiz, ilk defa bir iktidar\u0131n bir b\u00f6lgede yat\u0131r\u0131m\u0131n yat\u0131r\u0131mc\u0131 kurulu\u015fun ismini vererek, paran\u0131n kayna\u011f\u0131n\u0131 g\u00f6stererek bitim y\u0131l\u0131n\u0131n bir proje ba\u015flatt\u0131\u011f\u0131n\u0131&rsquo; dile getirdi.&nbsp;<\/div>\n<div style=\"margin: 0in 0in 10pt\">Ak Parti \u015eanl\u0131urfa Milletvekili Ramazan Ba\u015fak, bu \u00fclke hepimizin oldu\u011funu belirterek t\u00fcm T\u00fcrkiye&rsquo;ye ve \u015eanl\u0131urfa&rsquo;l\u0131 hem\u015ferilerine sayg\u0131lar\u0131n\u0131 sundu.<\/div>\n<p>&nbsp;<\/p><\/p>\n","protected":false},"excerpt":{"rendered":"<p>Ak Parti \u015eanl\u0131urfa Milletvekili Ramazan Ba\u015fak d\u00fcn ak\u015fam saatlerinde TRT5&rsquo;e konuk oldu. &nbsp; TRT5 Anadolu TV &lsquo;de yay\u0131nlanan &lsquo;vekilin g\u00fcndemi&rsquo; program\u0131na kat\u0131lan Ba\u015fak \u00f6nemli a\u00e7\u0131klamalarda bulunarak, t\u00fcm T\u00fcrkiye&rsquo;yi, memleketi \u015eanl\u0131urfa&rsquo;ya davet etti. Ba\u015fak &ldquo;Yetmi\u015f iki milyon ki\u015fi ne derse bizim i\u00e7in \u00f6nemli&rdquo; Ak Parti \u015eanl\u0131urfa Milletvekili Ramazan Ba\u015fak, &lsquo;yetmi\u015f iki milyon insan\u0131n taleplerini, biz \u0131rak&rsquo;taki &hellip;<\/p>\n","protected":false},"author":2,"featured_media":11,"comment_status":"open","ping_status":"open","sticky":false,"template":"","format":"standard","meta":{"footnotes":""},"categories":[8],"tags":[],"class_list":["post-326","post","type-post","status-publish","format-standard","has-post-thumbnail","hentry","category-haberler-haberler"],"_links":{"self":[{"href":"https:\/\/www.ramazanbasak.com.tr\/index.php?rest_route=\/wp\/v2\/posts\/326","targetHints":{"allow":["GET"]}}],"collection":[{"href":"https:\/\/www.ramazanbasak.com.tr\/index.php?rest_route=\/wp\/v2\/posts"}],"about":[{"href":"https:\/\/www.ramazanbasak.com.tr\/index.php?rest_route=\/wp\/v2\/types\/post"}],"author":[{"embeddable":true,"href":"https:\/\/www.ramazanbasak.com.tr\/index.php?rest_route=\/wp\/v2\/users\/2"}],"replies":[{"embeddable":true,"href":"https:\/\/www.ramazanbasak.com.tr\/index.php?rest_route=%2Fwp%2Fv2%2Fcomments&post=326"}],"version-history":[{"count":0,"href":"https:\/\/www.ramazanbasak.com.tr\/index.php?rest_route=\/wp\/v2\/posts\/326\/revisions"}],"wp:featuredmedia":[{"embeddable":true,"href":"https:\/\/www.ramazanbasak.com.tr\/index.php?rest_route=\/wp\/v2\/media\/11"}],"wp:attachment":[{"href":"https:\/\/www.ramazanbasak.com.tr\/index.php?rest_route=%2Fwp%2Fv2%2Fmedia&parent=326"}],"wp:term":[{"taxonomy":"category","embeddable":true,"href":"https:\/\/www.ramazanbasak.com.tr\/index.php?rest_route=%2Fwp%2Fv2%2Fcategories&post=326"},{"taxonomy":"post_tag","embeddable":true,"href":"https:\/\/www.ramazanbasak.com.tr\/index.php?rest_route=%2Fwp%2Fv2%2Ftags&post=326"}],"curies":[{"name":"wp","href":"https:\/\/api.w.org\/{rel}","templated":true}]}}