{"id":327,"date":"2010-08-11T13:32:07","date_gmt":"2010-08-11T10:32:07","guid":{"rendered":"https:\/\/www.ramazanbasak.com.tr\/basak-genclere-seslendi"},"modified":"2010-08-11T13:32:07","modified_gmt":"2010-08-11T10:32:07","slug":"basak-genclere-seslendi","status":"publish","type":"post","link":"https:\/\/www.ramazanbasak.com.tr\/?p=327","title":{"rendered":"Ba\u015fak Gen\u00e7lere Seslendi."},"content":{"rendered":"<p><img loading=\"lazy\" decoding=\"async\" class=\" alignleft size-full wp-image-126\" align=\"left\" width=\"260\" height=\"180\" alt=\"\" src=\"https:\/\/www.ramazanbasak.com.tr\/wp-content\/uploads\/2009\/09\/9579.jpg\" \/><strong>Ak Parti \u015eanl\u0131urfa Milletvekili Ramazan Ba\u015fak konuk oldu\u011fu Tv program\u0131nda gen\u00e7lere seslenerek 12 eyl\u00fcl referandumuna evet \u00e7agr\u0131s\u0131nda bulundu.<\/strong><\/p>\n<p><p>&nbsp;<\/p>\n<\/p>\n<p><strong> <\/p>\n<div style=\"margin: 0in 0in 10pt\">Ak Parti \u015eanl\u0131urfa Milletvekili Ramazan Ba\u015fak <b>Beyaz <\/b>TV&rsquo; ye konuk oldu.<\/div>\n<div style=\"margin: 0in 0in 10pt\">T\u00fcrkiye B\u00fcy\u00fck Millet Meclisinin tatile girmesiyle birlikte durmak bilmeyen Vekil Ba\u015fak, 12 eyl\u00fcl referanduma se\u00e7imine kadar \u00e7al\u0131\u015fmalar\u0131n\u0131 durmaks\u0131z\u0131n devam edece\u011fini belirtti.<\/div>\n<div style=\"margin: 0in 0in 10pt\">12 Eyl\u00fcl 1980 d\u00f6neminde yap\u0131lan darbe sonucu ya\u015fanan olaylar, 80&rsquo;li d\u00f6nemlerde \u00f6len insan say\u0131s\u0131n\u0131n \u00e7o\u011funun gen\u00e7, ya\u015f\u0131 on alt\u0131, on yediyi bulan insanlar\u0131n can\u0131na mal olmu\u015ftur diyen Ba\u015fak, bir daha o g\u00fcnleri ya\u015famamak i\u00e7in gen\u00e7lere seslenerek 12 Eyl\u00fclde yap\u0131lacak olan referandum se\u00e7imlerinde evet oylar\u0131n\u0131 kullanmalar\u0131n\u0131 istedi.<\/div>\n<p> <\/strong><\/p>\n","protected":false},"excerpt":{"rendered":"<p>Ak Parti \u015eanl\u0131urfa Milletvekili Ramazan Ba\u015fak konuk oldu\u011fu Tv program\u0131nda gen\u00e7lere seslenerek 12 eyl\u00fcl referandumuna evet \u00e7agr\u0131s\u0131nda bulundu. &nbsp; Ak Parti \u015eanl\u0131urfa Milletvekili Ramazan Ba\u015fak Beyaz TV&rsquo; ye konuk oldu. T\u00fcrkiye B\u00fcy\u00fck Millet Meclisinin tatile girmesiyle birlikte durmak bilmeyen Vekil Ba\u015fak, 12 eyl\u00fcl referanduma se\u00e7imine kadar \u00e7al\u0131\u015fmalar\u0131n\u0131 durmaks\u0131z\u0131n devam edece\u011fini belirtti. 12 Eyl\u00fcl 1980 d\u00f6neminde &hellip;<\/p>\n","protected":false},"author":2,"featured_media":126,"comment_status":"open","ping_status":"open","sticky":false,"template":"","format":"standard","meta":{"footnotes":""},"categories":[8],"tags":[],"class_list":["post-327","post","type-post","status-publish","format-standard","has-post-thumbnail","hentry","category-haberler-haberler"],"_links":{"self":[{"href":"https:\/\/www.ramazanbasak.com.tr\/index.php?rest_route=\/wp\/v2\/posts\/327","targetHints":{"allow":["GET"]}}],"collection":[{"href":"https:\/\/www.ramazanbasak.com.tr\/index.php?rest_route=\/wp\/v2\/posts"}],"about":[{"href":"https:\/\/www.ramazanbasak.com.tr\/index.php?rest_route=\/wp\/v2\/types\/post"}],"author":[{"embeddable":true,"href":"https:\/\/www.ramazanbasak.com.tr\/index.php?rest_route=\/wp\/v2\/users\/2"}],"replies":[{"embeddable":true,"href":"https:\/\/www.ramazanbasak.com.tr\/index.php?rest_route=%2Fwp%2Fv2%2Fcomments&post=327"}],"version-history":[{"count":0,"href":"https:\/\/www.ramazanbasak.com.tr\/index.php?rest_route=\/wp\/v2\/posts\/327\/revisions"}],"wp:featuredmedia":[{"embeddable":true,"href":"https:\/\/www.ramazanbasak.com.tr\/index.php?rest_route=\/wp\/v2\/media\/126"}],"wp:attachment":[{"href":"https:\/\/www.ramazanbasak.com.tr\/index.php?rest_route=%2Fwp%2Fv2%2Fmedia&parent=327"}],"wp:term":[{"taxonomy":"category","embeddable":true,"href":"https:\/\/www.ramazanbasak.com.tr\/index.php?rest_route=%2Fwp%2Fv2%2Fcategories&post=327"},{"taxonomy":"post_tag","embeddable":true,"href":"https:\/\/www.ramazanbasak.com.tr\/index.php?rest_route=%2Fwp%2Fv2%2Ftags&post=327"}],"curies":[{"name":"wp","href":"https:\/\/api.w.org\/{rel}","templated":true}]}}