{"id":333,"date":"2010-08-18T07:33:32","date_gmt":"2010-08-18T04:33:32","guid":{"rendered":"https:\/\/www.ramazanbasak.com.tr\/basak-daha-cok-calisacagiz"},"modified":"2010-08-18T07:33:32","modified_gmt":"2010-08-18T04:33:32","slug":"basak-daha-cok-calisacagiz","status":"publish","type":"post","link":"https:\/\/www.ramazanbasak.com.tr\/?p=333","title":{"rendered":"BA\u015eAK: DAHA \u00c7OK \u00c7ALI\u015eACA\u011eIZ"},"content":{"rendered":"<p><img loading=\"lazy\" decoding=\"async\" class=\" alignleft size-full wp-image-332\" align=\"left\" width=\"200\" height=\"138\" alt=\"\" src=\"https:\/\/www.ramazanbasak.com.tr\/wp-content\/uploads\/2010\/08\/baakdaha%20ok%20alacaz.bmp\" \/><\/p>\n<p><strong>Ak Parti \u015eanl\u0131urfa Milletvekili Ramazan Ba\u015fak \u0130l Toplant\u0131s\u0131na kat\u0131larak referandum se\u00e7imi \u00f6ncesi yap\u0131lan \u00e7al\u0131\u015fmalar\u0131n t\u00fcz h\u0131z\u0131yla devam etti\u011fini s\u00f6yledi. <\/strong> <\/p>\n<p>&nbsp;<\/p>\n<div style=\"text-indent: 35.4pt; margin: 0in 0in 10pt\">Ak Parti \u015eanl\u0131urfa Milletvekili Ramazan Ba\u015fak bug\u00fcn Ak Partide d\u00fczenlenen il genel toplant\u0131s\u0131na kat\u0131larak on iki eyl\u00fcl referandumu \u00f6ncesi yap\u0131lan \u00e7al\u0131\u015fmalar hakk\u0131nda bilgi al\u0131\u015f veri\u015finde bulunarak partililerle beraber oldu.<\/div>\n<p>Ak Parti \u015eanl\u0131urfa Milletvekili Ramazan Ba\u015fak, yapm\u0131\u015f oldu\u011fu a\u00e7\u0131klamada, \u015fuanda sand\u0131k ba\u015f\u0131nda, bu demokrasinin T\u00fcrkiye de tam olarak oylanmas\u0131 i\u00e7in b\u00f6yle cefakar, maddi ve manevi beklentisi olmayan sand\u0131k kurullar\u0131m\u0131zla topland\u0131klar\u0131n\u0131 belirten vekil Ba\u015fak 12 eyl\u00fcl\u00fcn zaferi t\u00fcm T\u00fcrkiye olaca\u011f\u0131n\u0131 belirtti.Ak Parti \u0130l\u00e7e ba\u015fkan\u0131 Mustafa zahit ise referandum s\u00fcrecinin hepimize hay\u0131rl\u0131 olaca\u011f\u0131n\u0131 s\u00f6yleyerek,&nbsp;toplant\u0131ya kat\u0131lmalar\u0131ndan dolay\u0131 Vekil Ramazan Ba\u015fak&rsquo;a te\u015fekk\u00fcrlerini iletti.<\/p><\/p>\n","protected":false},"excerpt":{"rendered":"<p>Ak Parti \u015eanl\u0131urfa Milletvekili Ramazan Ba\u015fak \u0130l Toplant\u0131s\u0131na kat\u0131larak referandum se\u00e7imi \u00f6ncesi yap\u0131lan \u00e7al\u0131\u015fmalar\u0131n t\u00fcz h\u0131z\u0131yla devam etti\u011fini s\u00f6yledi. &nbsp; Ak Parti \u015eanl\u0131urfa Milletvekili Ramazan Ba\u015fak bug\u00fcn Ak Partide d\u00fczenlenen il genel toplant\u0131s\u0131na kat\u0131larak on iki eyl\u00fcl referandumu \u00f6ncesi yap\u0131lan \u00e7al\u0131\u015fmalar hakk\u0131nda bilgi al\u0131\u015f veri\u015finde bulunarak partililerle beraber oldu. Ak Parti \u015eanl\u0131urfa Milletvekili Ramazan Ba\u015fak, &hellip;<\/p>\n","protected":false},"author":2,"featured_media":332,"comment_status":"open","ping_status":"open","sticky":false,"template":"","format":"standard","meta":{"footnotes":""},"categories":[8],"tags":[],"class_list":["post-333","post","type-post","status-publish","format-standard","has-post-thumbnail","hentry","category-haberler-haberler"],"_links":{"self":[{"href":"https:\/\/www.ramazanbasak.com.tr\/index.php?rest_route=\/wp\/v2\/posts\/333","targetHints":{"allow":["GET"]}}],"collection":[{"href":"https:\/\/www.ramazanbasak.com.tr\/index.php?rest_route=\/wp\/v2\/posts"}],"about":[{"href":"https:\/\/www.ramazanbasak.com.tr\/index.php?rest_route=\/wp\/v2\/types\/post"}],"author":[{"embeddable":true,"href":"https:\/\/www.ramazanbasak.com.tr\/index.php?rest_route=\/wp\/v2\/users\/2"}],"replies":[{"embeddable":true,"href":"https:\/\/www.ramazanbasak.com.tr\/index.php?rest_route=%2Fwp%2Fv2%2Fcomments&post=333"}],"version-history":[{"count":0,"href":"https:\/\/www.ramazanbasak.com.tr\/index.php?rest_route=\/wp\/v2\/posts\/333\/revisions"}],"wp:featuredmedia":[{"embeddable":true,"href":"https:\/\/www.ramazanbasak.com.tr\/index.php?rest_route=\/wp\/v2\/media\/332"}],"wp:attachment":[{"href":"https:\/\/www.ramazanbasak.com.tr\/index.php?rest_route=%2Fwp%2Fv2%2Fmedia&parent=333"}],"wp:term":[{"taxonomy":"category","embeddable":true,"href":"https:\/\/www.ramazanbasak.com.tr\/index.php?rest_route=%2Fwp%2Fv2%2Fcategories&post=333"},{"taxonomy":"post_tag","embeddable":true,"href":"https:\/\/www.ramazanbasak.com.tr\/index.php?rest_route=%2Fwp%2Fv2%2Ftags&post=333"}],"curies":[{"name":"wp","href":"https:\/\/api.w.org\/{rel}","templated":true}]}}