{"id":337,"date":"2010-08-23T08:29:57","date_gmt":"2010-08-23T05:29:57","guid":{"rendered":"https:\/\/www.ramazanbasak.com.tr\/8-bakan-yok-basak-listede-mi"},"modified":"2010-08-23T08:29:57","modified_gmt":"2010-08-23T05:29:57","slug":"8-bakan-yok-basak-listede-mi","status":"publish","type":"post","link":"https:\/\/www.ramazanbasak.com.tr\/?p=337","title":{"rendered":"8 Bakan Yok, Ba\u015fak Listede mi?"},"content":{"rendered":"<p><img loading=\"lazy\" decoding=\"async\" class=\" alignleft size-full wp-image-336\" align=\"left\" width=\"200\" height=\"73\" alt=\"\" src=\"https:\/\/www.ramazanbasak.com.tr\/wp-content\/uploads\/2010\/08\/bakandeiimi.bmp\" \/><\/p>\n<p><strong>Referandum oylamas\u0131ndan sonra Ba\u015fbakan Erdo\u011fan&#8217;\u0131n baz\u0131 Bakanlar\u0131 g\u00f6revden alaca\u011f\u0131 konu\u015fuluyor, Urfa Milletvekillerinden ismi \u00f6n plana \u00e7\u0131kan bir Vekil var. <!--more-->  <\/strong><\/p>\n<p><strong> <\/p>\n<div>\n<p>Ankara&#8217;da&nbsp; 12 Eyl\u00fcl Referandum \u00f6ncesi adeta kaynarken, Ankara&#8217;n\u0131n siyasi g\u00fcndemini yak\u0131ndan takip eden baz\u0131 haber siteleri, H\u00fck\u00fcmet kanad\u0131nda baz\u0131 de\u011fi\u015fikliklerin ya\u015fanaca\u011f\u0131n\u0131 iddia etti.<\/p>\n<p>yap\u0131lacak referandum sonras\u0131 Ba\u015fbakan Erdo\u011fan&#8217;\u0131n&nbsp; aralar\u0131nda Sa\u011fl\u0131k Bakan\u0131&nbsp; Recep Akda\u011f ba\u015fta olmak \u00fczere&nbsp; 8 bakan\u0131n yerine yeni isimleri kabineye alaca\u011f\u0131 yaz\u0131ld\u0131.www.meclishaberdergisi.com, www.mebushaber.com, ve <a href=\"http:\/\/www.timedergisi.com\" target=\"_blank\"><u><font color=\"#0000ff\">www.timedergisi.com<\/font><\/u><\/a>&nbsp;haberi man\u015fetten okuyucular\u0131na duyurdu. Ba\u015fbakan Erdo\u011fan&#8217;\u0131n yeni kabine listesine&nbsp; \u015eanl\u0131urfa Milletvekili Ramazan Ba\u015fak&#8217;\u0131 yer alaca\u011f\u0131&nbsp; belirtilirken,heberin baz\u0131 kaynaklar taraf\u0131ndan do\u011fruland\u0131\u011f\u0131 gelen haberler aras\u0131nda. Ak Parti Genel&nbsp; Merkezinde uzun s\u00fcredir&nbsp; g\u00f6rev yapan Ba\u015fak&#8217;\u0131n Orman M\u00fchendisi olmas\u0131&nbsp; nedeni ile \u00c7evre ve Orman Bakanl\u0131\u011f\u0131na getirilmesi d\u00fc\u015f\u00fcn\u00fcl\u00fcyor.<\/p>\n<\/p><\/div>\n<p> <\/strong><\/p>\n<p>&nbsp;<\/p>\n","protected":false},"excerpt":{"rendered":"<p>Referandum oylamas\u0131ndan sonra Ba\u015fbakan Erdo\u011fan&#8217;\u0131n baz\u0131 Bakanlar\u0131 g\u00f6revden alaca\u011f\u0131 konu\u015fuluyor, Urfa Milletvekillerinden ismi \u00f6n plana \u00e7\u0131kan bir Vekil var. Ankara&#8217;da&nbsp; 12 Eyl\u00fcl Referandum \u00f6ncesi adeta kaynarken, Ankara&#8217;n\u0131n siyasi g\u00fcndemini yak\u0131ndan takip eden baz\u0131 haber siteleri, H\u00fck\u00fcmet kanad\u0131nda baz\u0131 de\u011fi\u015fikliklerin ya\u015fanaca\u011f\u0131n\u0131 iddia etti. yap\u0131lacak referandum sonras\u0131 Ba\u015fbakan Erdo\u011fan&#8217;\u0131n&nbsp; aralar\u0131nda Sa\u011fl\u0131k Bakan\u0131&nbsp; Recep Akda\u011f ba\u015fta olmak \u00fczere&nbsp; &hellip;<\/p>\n","protected":false},"author":2,"featured_media":336,"comment_status":"open","ping_status":"open","sticky":false,"template":"","format":"standard","meta":{"footnotes":""},"categories":[8],"tags":[],"class_list":["post-337","post","type-post","status-publish","format-standard","has-post-thumbnail","hentry","category-haberler-haberler"],"_links":{"self":[{"href":"https:\/\/www.ramazanbasak.com.tr\/index.php?rest_route=\/wp\/v2\/posts\/337","targetHints":{"allow":["GET"]}}],"collection":[{"href":"https:\/\/www.ramazanbasak.com.tr\/index.php?rest_route=\/wp\/v2\/posts"}],"about":[{"href":"https:\/\/www.ramazanbasak.com.tr\/index.php?rest_route=\/wp\/v2\/types\/post"}],"author":[{"embeddable":true,"href":"https:\/\/www.ramazanbasak.com.tr\/index.php?rest_route=\/wp\/v2\/users\/2"}],"replies":[{"embeddable":true,"href":"https:\/\/www.ramazanbasak.com.tr\/index.php?rest_route=%2Fwp%2Fv2%2Fcomments&post=337"}],"version-history":[{"count":0,"href":"https:\/\/www.ramazanbasak.com.tr\/index.php?rest_route=\/wp\/v2\/posts\/337\/revisions"}],"wp:featuredmedia":[{"embeddable":true,"href":"https:\/\/www.ramazanbasak.com.tr\/index.php?rest_route=\/wp\/v2\/media\/336"}],"wp:attachment":[{"href":"https:\/\/www.ramazanbasak.com.tr\/index.php?rest_route=%2Fwp%2Fv2%2Fmedia&parent=337"}],"wp:term":[{"taxonomy":"category","embeddable":true,"href":"https:\/\/www.ramazanbasak.com.tr\/index.php?rest_route=%2Fwp%2Fv2%2Fcategories&post=337"},{"taxonomy":"post_tag","embeddable":true,"href":"https:\/\/www.ramazanbasak.com.tr\/index.php?rest_route=%2Fwp%2Fv2%2Ftags&post=337"}],"curies":[{"name":"wp","href":"https:\/\/api.w.org\/{rel}","templated":true}]}}