{"id":339,"date":"2010-08-23T08:44:11","date_gmt":"2010-08-23T05:44:11","guid":{"rendered":"https:\/\/www.ramazanbasak.com.tr\/1-2-milyon-tamam"},"modified":"2010-08-23T08:44:11","modified_gmt":"2010-08-23T05:44:11","slug":"1-2-milyon-tamam","status":"publish","type":"post","link":"https:\/\/www.ramazanbasak.com.tr\/?p=339","title":{"rendered":"1.2 Milyon Tamam"},"content":{"rendered":"<p><img loading=\"lazy\" decoding=\"async\" class=\" alignleft size-full wp-image-338\" align=\"left\" width=\"196\" height=\"180\" alt=\"\" src=\"https:\/\/www.ramazanbasak.com.tr\/wp-content\/uploads\/2010\/08\/1.2milyon.bmp\" \/><\/p>\n<p><strong>\u015eanl\u0131urfa Valili\u011finin \u00f6n\u00fcnde bulunan \u0130\u015f yerlerinin istimlak sorunu \u00e7\u00f6z\u00fcld\u00fc. Bakan Atalay ile Ankara&#8217;da bir kez daha g\u00f6r\u00fc\u015fen Milletvekili Ba\u015fak&#8217;1.2 Milyon \u00f6denek tamam&#8217;dedi.  <!--more-->  <\/strong><\/p>\n<p><strong> <\/p>\n<div>\u015eanl\u0131urfa Valili\u011finin yeni hizmet binas\u0131n\u0131n tamamlanma a\u015famas\u0131na gelmesine ra\u011fmen ya\u015fad\u0131\u011f\u0131 en b\u00fcy\u00fck sorun giderildi. \u0130\u00e7 \u0130\u015fleri Bakan\u0131 Be\u015fir Atalay&#8217;\u0131n ge\u00e7ti\u011fimiz g\u00fcn \u015eanl\u0131urfa ziyareti s\u0131ras\u0131nda&nbsp; incelemelerde bulundu\u011fu yeni valilik binas\u0131nda&nbsp; istimlak sorunu g\u00fcndeme geldi. Valilik binas\u0131 \u00f6n\u00fcnde var yer alan i\u015f yerlerinin y\u0131k\u0131lmas\u0131 i\u00e7in talep edilen 1.2 Milyon \u00f6dene\u011fin \u0130\u00e7 i\u015fleri bakanl\u0131\u011f\u0131nca&nbsp; \u00f6denmesi istenmi\u015fti. \u015eanl\u0131urfa Milletvekili Ramazan Ba\u015fak&nbsp; Bakan Atalay&#8217;da \u00f6denek konusunda&nbsp; talepte bulunmu\u015ftu. Ba\u015fak bug\u00fcn Ankara&#8217;da \u0130\u00e7 i\u015fleri Bakan\u0131 Atalay ve \u0130\u00e7 \u0130\u015fleri Bakanl\u0131\u011f\u0131 M\u00fcste\u015far\u0131 ile iftar yeme\u011finde bir kez daha bir araya geldi. Bakan Atalay&#8217;dan istimlak i\u00e7in \u00f6dene\u011fi tekrar isteyen&nbsp; Ba\u015fak&#8217;a &#8216;\u00f6denek tamam&#8217; yan\u0131t\u0131 verildi.&nbsp;&nbsp; yeni valilik ise mevcut i\u015f yerleri i\u00e7in imar de\u011fi\u015fikli\u011fi yaparak i\u015f yerlerinin y\u0131k\u0131m\u0131na ba\u015flayacak&#8230;<\/div>\n<p> <\/strong><\/p>\n","protected":false},"excerpt":{"rendered":"<p>\u015eanl\u0131urfa Valili\u011finin \u00f6n\u00fcnde bulunan \u0130\u015f yerlerinin istimlak sorunu \u00e7\u00f6z\u00fcld\u00fc. Bakan Atalay ile Ankara&#8217;da bir kez daha g\u00f6r\u00fc\u015fen Milletvekili Ba\u015fak&#8217;1.2 Milyon \u00f6denek tamam&#8217;dedi. \u015eanl\u0131urfa Valili\u011finin yeni hizmet binas\u0131n\u0131n tamamlanma a\u015famas\u0131na gelmesine ra\u011fmen ya\u015fad\u0131\u011f\u0131 en b\u00fcy\u00fck sorun giderildi. \u0130\u00e7 \u0130\u015fleri Bakan\u0131 Be\u015fir Atalay&#8217;\u0131n ge\u00e7ti\u011fimiz g\u00fcn \u015eanl\u0131urfa ziyareti s\u0131ras\u0131nda&nbsp; incelemelerde bulundu\u011fu yeni valilik binas\u0131nda&nbsp; istimlak sorunu g\u00fcndeme geldi. &hellip;<\/p>\n","protected":false},"author":2,"featured_media":338,"comment_status":"open","ping_status":"open","sticky":false,"template":"","format":"standard","meta":{"footnotes":""},"categories":[8],"tags":[],"class_list":["post-339","post","type-post","status-publish","format-standard","has-post-thumbnail","hentry","category-haberler-haberler"],"_links":{"self":[{"href":"https:\/\/www.ramazanbasak.com.tr\/index.php?rest_route=\/wp\/v2\/posts\/339","targetHints":{"allow":["GET"]}}],"collection":[{"href":"https:\/\/www.ramazanbasak.com.tr\/index.php?rest_route=\/wp\/v2\/posts"}],"about":[{"href":"https:\/\/www.ramazanbasak.com.tr\/index.php?rest_route=\/wp\/v2\/types\/post"}],"author":[{"embeddable":true,"href":"https:\/\/www.ramazanbasak.com.tr\/index.php?rest_route=\/wp\/v2\/users\/2"}],"replies":[{"embeddable":true,"href":"https:\/\/www.ramazanbasak.com.tr\/index.php?rest_route=%2Fwp%2Fv2%2Fcomments&post=339"}],"version-history":[{"count":0,"href":"https:\/\/www.ramazanbasak.com.tr\/index.php?rest_route=\/wp\/v2\/posts\/339\/revisions"}],"wp:featuredmedia":[{"embeddable":true,"href":"https:\/\/www.ramazanbasak.com.tr\/index.php?rest_route=\/wp\/v2\/media\/338"}],"wp:attachment":[{"href":"https:\/\/www.ramazanbasak.com.tr\/index.php?rest_route=%2Fwp%2Fv2%2Fmedia&parent=339"}],"wp:term":[{"taxonomy":"category","embeddable":true,"href":"https:\/\/www.ramazanbasak.com.tr\/index.php?rest_route=%2Fwp%2Fv2%2Fcategories&post=339"},{"taxonomy":"post_tag","embeddable":true,"href":"https:\/\/www.ramazanbasak.com.tr\/index.php?rest_route=%2Fwp%2Fv2%2Ftags&post=339"}],"curies":[{"name":"wp","href":"https:\/\/api.w.org\/{rel}","templated":true}]}}