{"id":342,"date":"2010-08-27T14:52:57","date_gmt":"2010-08-27T11:52:57","guid":{"rendered":"https:\/\/www.ramazanbasak.com.tr\/aya-gunes-dogdu"},"modified":"2010-08-27T14:52:57","modified_gmt":"2010-08-27T11:52:57","slug":"aya-gunes-dogdu","status":"publish","type":"post","link":"https:\/\/www.ramazanbasak.com.tr\/?p=342","title":{"rendered":"Ay&#8217;a G\u00fcne\u015f Do\u011fdu"},"content":{"rendered":"<p><img loading=\"lazy\" decoding=\"async\" class=\" alignleft size-full wp-image-341\" align=\"left\" width=\"200\" height=\"133\" alt=\"\" src=\"https:\/\/www.ramazanbasak.com.tr\/wp-content\/uploads\/2010\/08\/aya%20gne%20dodu%20haberi.bmp\" \/><\/p>\n<p><strong>\u00dcniversiteyi kazanan tar\u0131m i\u015f\u00e7isi ailenin o\u011flu Bak\u0131r Ay (18), maddi imkans\u0131zl\u0131klar nedeniyle kay\u0131t yapt\u0131ram\u0131yordu.\u00d6\u011frencinin imdad\u0131na Milletvekili Ba\u015fak yeti\u015fti. <!--more-->  <\/strong><\/p>\n<p><strong> <\/p>\n<div>\u015eanl\u0131urfa&#8217;da zor \u015fartlarda \u00fcniversiteye haz\u0131rlanarak, \u0130stanbul \u00dcniversitesi &ldquo;Rehberlik ve Psikolojik Dan\u0131\u015fmanl\u0131k&rdquo; b\u00f6l\u00fcm\u00fcn\u00fc kazanan tar\u0131m i\u015f\u00e7isi ailenin o\u011flu Bak\u0131r Ay (18), hayalini kurdu\u011fu \u00fcniversiteye maddi imkans\u0131zl\u0131klar nedeniyle kay\u0131t yapt\u0131ramayaca\u011f\u0131n\u0131n bildirilmesi \u00fczerine Ak Parti \u015eanl\u0131urfa Milletvekili Ramazan Ba\u015fak harekete ge\u00e7ti. <a href=\"http:\/\/www.sanliurfa.com'da\" target=\"_blank\"><u><font color=\"#0000ff\">www.sanliurfa.com&#8217;da<\/font><\/u><\/a> yay\u0131mlanan haber \u00fczerine Milletvekili Ba\u015fak, Ay ailesi ile irtibata ge\u00e7ti.<\/p>\n<p> Konuklu Beldesinde oturan ve yaz aylar\u0131nda tar\u0131m i\u015f\u00e7ili\u011fi yapan 5 \u00e7ocuklu ailenin en b\u00fcy\u00fck o\u011flu olan Bak\u0131r Ay, lise e\u011fitimi s\u00fcresince her g\u00fcn yakla\u015f\u0131k 8 kilometre uzaktaki K\u0131sas beldesine gidip gelerek, okulunu birincilikle bitiren Bak\u0131r Ay&#8217;\u0131n \u00dcniversite hayali ger\u00e7ekle\u015fiyor. Ak Parti \u015eanl\u0131urfa&nbsp;Milletvekili Ramazan Ba\u015fak d\u00fcn&nbsp;&nbsp;&nbsp; Bak\u0131r Ay ile telefonla g\u00f6r\u00fc\u015ferek&#8217; t\u00fcm kay\u0131t, ve di\u011fer har\u00e7 ile masraflar\u0131n\u0131n kendisi taraf\u0131ndan kar\u015f\u0131lanaca\u011f\u0131n\u0131, \u00dcniversitede devam etti\u011fi s\u00fcrece destek \u00e7\u0131kaca\u011f\u0131n\u0131&#8217;s\u00f6yledi. Milletvekili Ba\u015fak ile telefonla g\u00f6r\u00fc\u015fen Bak\u0131r Ay bir kez daha bayram ya\u015fad\u0131. Dan\u0131\u015fman\u0131 arac\u0131l\u0131\u011f\u0131 ile Ay ailesine G\u0131da ve baz\u0131 yard\u0131mlarda bulunan Milletvekili Ramazan Ba\u015fak,&#8217; Bak\u0131 Ay karde\u015fimiz hayal etti\u011fi \u00dcniversiteyi&nbsp; tarlada \u00e7al\u0131\u015farak kazanm\u0131\u015f, b\u00f6yle bir azimli bir \u00d6\u011frenciye desetk olmam\u0131z laz\u0131m, bende kendilerine bu konuda destek verece\u011fimi s\u00f6yledim, telefonla g\u00f6r\u00fc\u015ft\u00fcm, \u0130stanbul&#8217;da kay\u0131t&nbsp; yapaca\u011f\u0131 zaman kendisinin t\u00fcm masraflar\u0131n\u0131 kar\u015f\u0131layaca\u011f\u0131m, bu t\u00fcr Ba\u015far\u0131l\u0131 \u00f6\u011frencilere destek olmal\u0131y\u0131z, ben kendi imkanlar\u0131m do\u011frultusunda&nbsp;&nbsp;destek olmaya \u00e7al\u0131\u015ft\u0131m,&#8217;dedi.&nbsp;<\/p>\n<p> Okulun son s\u0131n\u0131f\u0131nda girdi\u011fi bir s\u0131navda g\u00f6sterdi\u011fi ba\u015far\u0131 sonucu &ldquo;yar\u0131 burslu&rdquo; olarak dershaneye gitme hakk\u0131 kazanan Ay, dershanenin kalan \u00fccretini de lisedeki \u00f6\u011fretmenlerinin kar\u015f\u0131lamas\u0131 sonucu \u00fcniversiteye haz\u0131rlanma imkan\u0131 buldu. Ay, Lisans Yerle\u015ftirme S\u0131nav\u0131&#8217;na (LYS) girdi\u011fi ilk y\u0131lda TM alan\u0131ndan 497 puan ald\u0131. <br \/> Ailesiyle birlikte s\u0131nav\u0131 kazanman\u0131n mutlulu\u011funu ya\u015fayan Bak\u0131r Ay, yapt\u0131\u011f\u0131 tercih sonucunda \u0130\u00dc &ldquo;Rehberlik ve Psikolojik Dan\u0131\u015fmanl\u0131k&rdquo; b\u00f6l\u00fcm\u00fcne kay\u0131t yapt\u0131rmaya hak kazand\u0131. <\/p>\n<p> Babas\u0131 ile birlikte d\u00fcn tarlada k\u00fcrek\u00e7ilik yapan Bak\u0131r Ay&#8217;a \u00e7e\u015fitli hediyeler verilirken, \u00dcniversite kay\u0131t masraflar\u0131n\u0131n da m\u00fcjdesi tarlada verildi. Miletvekili Ba\u015fak ile&nbsp; telefonla konu\u015ftu\u011funu ve kendisine destek verilmesinden dolay\u0131 mutlu oldu\u011funu belirten Bak\u0131r Ay&#8217; Ben ilk \u00fcniversiteyi kazand\u0131\u011f\u0131mda heyecanlanm\u0131\u015ft\u0131m, ancak paras\u0131zl\u0131ktan okula gidemeyece\u011fimi d\u00fc\u015f\u00fcnd\u00fcm, Milletvekili say\u0131n Ramazan Ba\u015fak arad\u0131lar bana destek oldu, bug\u00fcn hediyelerimi ald\u0131m, ay ba\u015f\u0131nda ise&nbsp; \u0130stanbula ge\u00e7ip kay\u0131t i\u015flemlerimi yapt\u0131racak, bu benim i\u00e7in ikinci bei bayram oldu&#8217; diye konu\u015ftu.<\/p><\/div>\n<p> <\/strong><\/p>\n","protected":false},"excerpt":{"rendered":"<p>\u00dcniversiteyi kazanan tar\u0131m i\u015f\u00e7isi ailenin o\u011flu Bak\u0131r Ay (18), maddi imkans\u0131zl\u0131klar nedeniyle kay\u0131t yapt\u0131ram\u0131yordu.\u00d6\u011frencinin imdad\u0131na Milletvekili Ba\u015fak yeti\u015fti. \u015eanl\u0131urfa&#8217;da zor \u015fartlarda \u00fcniversiteye haz\u0131rlanarak, \u0130stanbul \u00dcniversitesi &ldquo;Rehberlik ve Psikolojik Dan\u0131\u015fmanl\u0131k&rdquo; b\u00f6l\u00fcm\u00fcn\u00fc kazanan tar\u0131m i\u015f\u00e7isi ailenin o\u011flu Bak\u0131r Ay (18), hayalini kurdu\u011fu \u00fcniversiteye maddi imkans\u0131zl\u0131klar nedeniyle kay\u0131t yapt\u0131ramayaca\u011f\u0131n\u0131n bildirilmesi \u00fczerine Ak Parti \u015eanl\u0131urfa Milletvekili Ramazan Ba\u015fak harekete &hellip;<\/p>\n","protected":false},"author":2,"featured_media":341,"comment_status":"open","ping_status":"open","sticky":false,"template":"","format":"standard","meta":{"footnotes":""},"categories":[8],"tags":[],"class_list":["post-342","post","type-post","status-publish","format-standard","has-post-thumbnail","hentry","category-haberler-haberler"],"_links":{"self":[{"href":"https:\/\/www.ramazanbasak.com.tr\/index.php?rest_route=\/wp\/v2\/posts\/342","targetHints":{"allow":["GET"]}}],"collection":[{"href":"https:\/\/www.ramazanbasak.com.tr\/index.php?rest_route=\/wp\/v2\/posts"}],"about":[{"href":"https:\/\/www.ramazanbasak.com.tr\/index.php?rest_route=\/wp\/v2\/types\/post"}],"author":[{"embeddable":true,"href":"https:\/\/www.ramazanbasak.com.tr\/index.php?rest_route=\/wp\/v2\/users\/2"}],"replies":[{"embeddable":true,"href":"https:\/\/www.ramazanbasak.com.tr\/index.php?rest_route=%2Fwp%2Fv2%2Fcomments&post=342"}],"version-history":[{"count":0,"href":"https:\/\/www.ramazanbasak.com.tr\/index.php?rest_route=\/wp\/v2\/posts\/342\/revisions"}],"wp:featuredmedia":[{"embeddable":true,"href":"https:\/\/www.ramazanbasak.com.tr\/index.php?rest_route=\/wp\/v2\/media\/341"}],"wp:attachment":[{"href":"https:\/\/www.ramazanbasak.com.tr\/index.php?rest_route=%2Fwp%2Fv2%2Fmedia&parent=342"}],"wp:term":[{"taxonomy":"category","embeddable":true,"href":"https:\/\/www.ramazanbasak.com.tr\/index.php?rest_route=%2Fwp%2Fv2%2Fcategories&post=342"},{"taxonomy":"post_tag","embeddable":true,"href":"https:\/\/www.ramazanbasak.com.tr\/index.php?rest_route=%2Fwp%2Fv2%2Ftags&post=342"}],"curies":[{"name":"wp","href":"https:\/\/api.w.org\/{rel}","templated":true}]}}