{"id":351,"date":"2010-09-03T14:36:47","date_gmt":"2010-09-03T11:36:47","guid":{"rendered":"https:\/\/www.ramazanbasak.com.tr\/basaktan-viransehirlilere-cagri"},"modified":"2010-09-03T14:36:47","modified_gmt":"2010-09-03T11:36:47","slug":"basaktan-viransehirlilere-cagri","status":"publish","type":"post","link":"https:\/\/www.ramazanbasak.com.tr\/?p=351","title":{"rendered":"Ba\u015fak&#8217;tan Viran\u015fehir&#8217;lilere \u00c7a\u011fr\u0131"},"content":{"rendered":"<p><img loading=\"lazy\" decoding=\"async\" class=\" alignleft size-full wp-image-350\" align=\"left\" width=\"200\" height=\"159\" alt=\"\" src=\"https:\/\/www.ramazanbasak.com.tr\/wp-content\/uploads\/2010\/09\/viranehirgecesi.bmp\" \/><\/p>\n<p><strong>\u0130stanbul&rsquo;da kurulan Viran\u015fehirliler yard\u0131mla\u015fma ve dayan\u0131\u015fma derne\u011finin d\u00fczenlemi\u015f oldu\u011fu iftar yeme\u011fiyle bire araya geldiler.  <!--more-->  <\/strong><\/p>\n<p>&nbsp;<\/p>\n<div style=\"margin: 0in 0in 10pt\">D\u00fczenlenen iftar yeme\u011fine kat\u0131lan Ak Parti \u015eanl\u0131urfa Milletvekili Ramazan Ba\u015fak &lsquo;sizlerin birlik beraberli\u011fi Viran\u015fehir&rsquo;e hizmetlerin g\u00fc\u00e7l\u00fc gitmesi anlam\u0131na geliyor. \u015eanl\u0131urfal\u0131lar olarak buradaki b\u00fct\u00fcn dernek ba\u015fkanlar\u0131m\u0131n birlik beraberli\u011fi \u015eanl\u0131urfa&rsquo;n\u0131n g\u00fc\u00e7l\u00fc bir konuma gelmesi anlam\u0131na geliyor. \u015eanl\u0131urfa&rsquo;n\u0131n g\u00fc\u00e7l\u00fc olmas\u0131 da T\u00fcrkiye deki seksen bir ilin birlik beraberlik i\u00e7erisinde de, Pakistan&rsquo;a kadar etki etmesini sa\u011fl\u0131yor.&rsquo;<\/div>\n<div style=\"margin: 0in 0in 10pt\"><b>Ge\u00e7mi\u015fi d\u00fc\u015f\u00fcn\u00fcn ve evet deyin.<\/b><\/div>\n<div style=\"margin: 0in 0in 10pt\">Viran\u015fehirlilerle bir araya gelen Ak Parti \u015eanl\u0131urfa Milletvekili Ramazan Ba\u015fak, 12 Eyl\u00fcl de yap\u0131lacak olan referandum se\u00e7imleri \u00f6ncesi Viran\u015fehirlilerden evet oyu kullan\u0131lmas\u0131 konusunda destek ve \u00e7a\u011fr\u0131da bulundu.<\/div>\n","protected":false},"excerpt":{"rendered":"<p>\u0130stanbul&rsquo;da kurulan Viran\u015fehirliler yard\u0131mla\u015fma ve dayan\u0131\u015fma derne\u011finin d\u00fczenlemi\u015f oldu\u011fu iftar yeme\u011fiyle bire araya geldiler. &nbsp; D\u00fczenlenen iftar yeme\u011fine kat\u0131lan Ak Parti \u015eanl\u0131urfa Milletvekili Ramazan Ba\u015fak &lsquo;sizlerin birlik beraberli\u011fi Viran\u015fehir&rsquo;e hizmetlerin g\u00fc\u00e7l\u00fc gitmesi anlam\u0131na geliyor. \u015eanl\u0131urfal\u0131lar olarak buradaki b\u00fct\u00fcn dernek ba\u015fkanlar\u0131m\u0131n birlik beraberli\u011fi \u015eanl\u0131urfa&rsquo;n\u0131n g\u00fc\u00e7l\u00fc bir konuma gelmesi anlam\u0131na geliyor. \u015eanl\u0131urfa&rsquo;n\u0131n g\u00fc\u00e7l\u00fc olmas\u0131 da T\u00fcrkiye deki &hellip;<\/p>\n","protected":false},"author":2,"featured_media":350,"comment_status":"open","ping_status":"open","sticky":false,"template":"","format":"standard","meta":{"footnotes":""},"categories":[8],"tags":[],"class_list":["post-351","post","type-post","status-publish","format-standard","has-post-thumbnail","hentry","category-haberler-haberler"],"_links":{"self":[{"href":"https:\/\/www.ramazanbasak.com.tr\/index.php?rest_route=\/wp\/v2\/posts\/351","targetHints":{"allow":["GET"]}}],"collection":[{"href":"https:\/\/www.ramazanbasak.com.tr\/index.php?rest_route=\/wp\/v2\/posts"}],"about":[{"href":"https:\/\/www.ramazanbasak.com.tr\/index.php?rest_route=\/wp\/v2\/types\/post"}],"author":[{"embeddable":true,"href":"https:\/\/www.ramazanbasak.com.tr\/index.php?rest_route=\/wp\/v2\/users\/2"}],"replies":[{"embeddable":true,"href":"https:\/\/www.ramazanbasak.com.tr\/index.php?rest_route=%2Fwp%2Fv2%2Fcomments&post=351"}],"version-history":[{"count":0,"href":"https:\/\/www.ramazanbasak.com.tr\/index.php?rest_route=\/wp\/v2\/posts\/351\/revisions"}],"wp:featuredmedia":[{"embeddable":true,"href":"https:\/\/www.ramazanbasak.com.tr\/index.php?rest_route=\/wp\/v2\/media\/350"}],"wp:attachment":[{"href":"https:\/\/www.ramazanbasak.com.tr\/index.php?rest_route=%2Fwp%2Fv2%2Fmedia&parent=351"}],"wp:term":[{"taxonomy":"category","embeddable":true,"href":"https:\/\/www.ramazanbasak.com.tr\/index.php?rest_route=%2Fwp%2Fv2%2Fcategories&post=351"},{"taxonomy":"post_tag","embeddable":true,"href":"https:\/\/www.ramazanbasak.com.tr\/index.php?rest_route=%2Fwp%2Fv2%2Ftags&post=351"}],"curies":[{"name":"wp","href":"https:\/\/api.w.org\/{rel}","templated":true}]}}