{"id":355,"date":"2010-09-13T11:53:54","date_gmt":"2010-09-13T08:53:54","guid":{"rendered":"https:\/\/www.ramazanbasak.com.tr\/basak-anayasa-bircok-seyi-degistirecek"},"modified":"2010-09-13T11:53:54","modified_gmt":"2010-09-13T08:53:54","slug":"basak-anayasa-bircok-seyi-degistirecek","status":"publish","type":"post","link":"https:\/\/www.ramazanbasak.com.tr\/?p=355","title":{"rendered":"Ba\u015fak &#8216;Anayasa bir\u00e7ok \u015feyi de\u011fi\u015ftirecek&#8217;"},"content":{"rendered":"<p><img loading=\"lazy\" decoding=\"async\" class=\" alignleft size-full wp-image-354\" align=\"left\" width=\"200\" height=\"160\" alt=\"\" src=\"https:\/\/www.ramazanbasak.com.tr\/wp-content\/uploads\/2010\/09\/beyaztv7eyll.bmp\" \/><\/p>\n<p><strong>Ak Parti \u015eanl\u0131urfa Milletvekili Ramazan Ba\u015fak Beyaz TV ekranlar\u0131na \u00e7\u0131karak seyircilere anayasa de\u011fi\u015fikli\u011fi hakk\u0131nda \u00f6nemli bilgiler aktard\u0131. <!--more-->  <\/strong><\/p>\n<p><p>&nbsp;<\/p>\n<\/p>\n<div style=\"margin: 0in 0in 10pt\"><span style=\"font-size: 12px\"><span style=\"line-height: 115%\">Ak Parti \u015eanl\u0131urfa Milletvekili Ramazan Ba\u015fak Beyaz TV&rsquo;ye konuk oldu.<\/span><\/span><\/div>\n<div style=\"margin: 0in 0in 10pt\"><span style=\"font-size: 12px\"><span style=\"line-height: 115%\">12 eyl\u00fclde yap\u0131lacak olan referandum \u00f6ncesi \u00e7al\u0131\u015fmalar\u0131n\u0131 s\u00fcrd\u00fcren Ak Parti \u015eanl\u0131urfa Milletvekili Ramazan Ba\u015fak Beyaz TV ekranlar\u0131na \u00e7\u0131karak referandum \u00f6ncesi \u015eanl\u0131urfa&rsquo;daki potansiyel ve yap\u0131lacak olan anayasa de\u011fi\u015fikli\u011fi hakk\u0131nda bilgiler TV izleyenlere aktard\u0131. <\/span><\/span><\/div>\n","protected":false},"excerpt":{"rendered":"<p>Ak Parti \u015eanl\u0131urfa Milletvekili Ramazan Ba\u015fak Beyaz TV ekranlar\u0131na \u00e7\u0131karak seyircilere anayasa de\u011fi\u015fikli\u011fi hakk\u0131nda \u00f6nemli bilgiler aktard\u0131. &nbsp; Ak Parti \u015eanl\u0131urfa Milletvekili Ramazan Ba\u015fak Beyaz TV&rsquo;ye konuk oldu. 12 eyl\u00fclde yap\u0131lacak olan referandum \u00f6ncesi \u00e7al\u0131\u015fmalar\u0131n\u0131 s\u00fcrd\u00fcren Ak Parti \u015eanl\u0131urfa Milletvekili Ramazan Ba\u015fak Beyaz TV ekranlar\u0131na \u00e7\u0131karak referandum \u00f6ncesi \u015eanl\u0131urfa&rsquo;daki potansiyel ve yap\u0131lacak olan anayasa de\u011fi\u015fikli\u011fi &hellip;<\/p>\n","protected":false},"author":2,"featured_media":354,"comment_status":"open","ping_status":"open","sticky":false,"template":"","format":"standard","meta":{"footnotes":""},"categories":[8],"tags":[],"class_list":["post-355","post","type-post","status-publish","format-standard","has-post-thumbnail","hentry","category-haberler-haberler"],"_links":{"self":[{"href":"https:\/\/www.ramazanbasak.com.tr\/index.php?rest_route=\/wp\/v2\/posts\/355","targetHints":{"allow":["GET"]}}],"collection":[{"href":"https:\/\/www.ramazanbasak.com.tr\/index.php?rest_route=\/wp\/v2\/posts"}],"about":[{"href":"https:\/\/www.ramazanbasak.com.tr\/index.php?rest_route=\/wp\/v2\/types\/post"}],"author":[{"embeddable":true,"href":"https:\/\/www.ramazanbasak.com.tr\/index.php?rest_route=\/wp\/v2\/users\/2"}],"replies":[{"embeddable":true,"href":"https:\/\/www.ramazanbasak.com.tr\/index.php?rest_route=%2Fwp%2Fv2%2Fcomments&post=355"}],"version-history":[{"count":0,"href":"https:\/\/www.ramazanbasak.com.tr\/index.php?rest_route=\/wp\/v2\/posts\/355\/revisions"}],"wp:featuredmedia":[{"embeddable":true,"href":"https:\/\/www.ramazanbasak.com.tr\/index.php?rest_route=\/wp\/v2\/media\/354"}],"wp:attachment":[{"href":"https:\/\/www.ramazanbasak.com.tr\/index.php?rest_route=%2Fwp%2Fv2%2Fmedia&parent=355"}],"wp:term":[{"taxonomy":"category","embeddable":true,"href":"https:\/\/www.ramazanbasak.com.tr\/index.php?rest_route=%2Fwp%2Fv2%2Fcategories&post=355"},{"taxonomy":"post_tag","embeddable":true,"href":"https:\/\/www.ramazanbasak.com.tr\/index.php?rest_route=%2Fwp%2Fv2%2Ftags&post=355"}],"curies":[{"name":"wp","href":"https:\/\/api.w.org\/{rel}","templated":true}]}}