{"id":357,"date":"2010-09-13T12:03:54","date_gmt":"2010-09-13T09:03:54","guid":{"rendered":"https:\/\/www.ramazanbasak.com.tr\/basaktan-urfalilara-tesekkur"},"modified":"2010-09-13T12:03:54","modified_gmt":"2010-09-13T09:03:54","slug":"basaktan-urfalilara-tesekkur","status":"publish","type":"post","link":"https:\/\/www.ramazanbasak.com.tr\/?p=357","title":{"rendered":"Ba\u015fak&#8217;tan Urfal\u0131lara Te\u015fekk\u00fcr"},"content":{"rendered":"<p><img loading=\"lazy\" decoding=\"async\" class=\" alignleft size-full wp-image-356\" align=\"left\" width=\"200\" height=\"299\" alt=\"\" src=\"https:\/\/www.ramazanbasak.com.tr\/wp-content\/uploads\/2010\/09\/dsc_9749-1.jpg\" srcset=\"https:\/\/www.ramazanbasak.com.tr\/wp-content\/uploads\/2010\/09\/dsc_9749-1.jpg 536w, https:\/\/www.ramazanbasak.com.tr\/wp-content\/uploads\/2010\/09\/dsc_9749-1-201x300.jpg 201w\" sizes=\"auto, (max-width: 200px) 100vw, 200px\" \/><\/p>\n<p><strong>12 eyl\u00fcl se\u00e7imleri sonras\u0131 bir a\u00e7\u0131klama yapan Ak Parti \u015eanl\u0131urfa Milletvekili Ramazan Ba\u015fak Urfa halk\u0131na g\u00f6stermi\u015f oldu\u011fu yo\u011fun ilgi ve deste\u011finden dolay\u0131 te\u015fekk\u00fcr etti. <!--more-->  <\/strong><\/p>\n<p>&nbsp;<\/p>\n<div style=\"margin: 0in 0in 10pt\"><span style=\"font-size: 12px\"><span style=\"line-height: 115%\">T\u00fcrkiye genelinde yap\u0131lan 12 eyl\u00fcl referandum se\u00e7imlerinde ilk be\u015fe giren iller aras\u0131nda bulunan Urfa, y\u00fczde 94.4 l\u00fck bir oranla be\u015finci s\u0131rada yer ald\u0131.<\/span><\/span><\/div>\n<div style=\"margin: 0in 0in 10pt\"><span style=\"font-size: 12px\"><span style=\"line-height: 115%\">Ak Parti il ba\u015fkanl\u0131\u011f\u0131nda a\u00e7\u0131klama yapan Ak Parti \u015eanl\u0131urfa Milletvekili Ramazan Ba\u015fak, &nbsp;&lsquo;\u015eanl\u0131urfa halk\u0131 her zaman oldu\u011fu gibi demokrasiye olan ba\u011fl\u0131l\u0131\u011f\u0131n\u0131, inanc\u0131n\u0131 d\u00fcn ger\u00e7ekle\u015ftirilen referandum itibariyle sadece b\u00f6lgeye de\u011fil t\u00fcm T\u00fcrkiye&rsquo;ye ispatlam\u0131\u015ft\u0131r. Ben halk\u0131m\u0131z\u0131n, adalet kalk\u0131nma partisinin paketine de\u011fil ayd\u0131nl\u0131k yar\u0131nlar\u0131m\u0131z i\u00e7in, T\u00fcrk demokrasinin daha da g\u00fc\u00e7lenmesi i\u00e7in karde\u015flerin birbirine kenetlenmesi i\u00e7in ve tek v\u00fccut yetmi\u015f iki milyonluk T\u00fcrkiye&rsquo;nin b\u00f6lgede orta do\u011fuda d\u00fcnya ekseninde bir denge olmas\u0131 i\u00e7in bu pakete \u00e7ok g\u00fc\u00e7l\u00fc bir \u015fekilde evet demi\u015ftir. Bu evet neticesinde in\u015fallah say\u0131n ba\u015fbakan\u0131m\u0131z bunu \u00e7ok iyi okuyup T\u00fcrkiye&rsquo;nin hak etti\u011fi noktaya gelmesi i\u00e7in birlikte m\u00fccadele edece\u011fiz.&rsquo; dedi.<\/span><\/span><\/div>\n","protected":false},"excerpt":{"rendered":"<p>12 eyl\u00fcl se\u00e7imleri sonras\u0131 bir a\u00e7\u0131klama yapan Ak Parti \u015eanl\u0131urfa Milletvekili Ramazan Ba\u015fak Urfa halk\u0131na g\u00f6stermi\u015f oldu\u011fu yo\u011fun ilgi ve deste\u011finden dolay\u0131 te\u015fekk\u00fcr etti. &nbsp; T\u00fcrkiye genelinde yap\u0131lan 12 eyl\u00fcl referandum se\u00e7imlerinde ilk be\u015fe giren iller aras\u0131nda bulunan Urfa, y\u00fczde 94.4 l\u00fck bir oranla be\u015finci s\u0131rada yer ald\u0131. Ak Parti il ba\u015fkanl\u0131\u011f\u0131nda a\u00e7\u0131klama yapan Ak &hellip;<\/p>\n","protected":false},"author":2,"featured_media":356,"comment_status":"open","ping_status":"open","sticky":false,"template":"","format":"standard","meta":{"footnotes":""},"categories":[8],"tags":[],"class_list":["post-357","post","type-post","status-publish","format-standard","has-post-thumbnail","hentry","category-haberler-haberler"],"_links":{"self":[{"href":"https:\/\/www.ramazanbasak.com.tr\/index.php?rest_route=\/wp\/v2\/posts\/357","targetHints":{"allow":["GET"]}}],"collection":[{"href":"https:\/\/www.ramazanbasak.com.tr\/index.php?rest_route=\/wp\/v2\/posts"}],"about":[{"href":"https:\/\/www.ramazanbasak.com.tr\/index.php?rest_route=\/wp\/v2\/types\/post"}],"author":[{"embeddable":true,"href":"https:\/\/www.ramazanbasak.com.tr\/index.php?rest_route=\/wp\/v2\/users\/2"}],"replies":[{"embeddable":true,"href":"https:\/\/www.ramazanbasak.com.tr\/index.php?rest_route=%2Fwp%2Fv2%2Fcomments&post=357"}],"version-history":[{"count":0,"href":"https:\/\/www.ramazanbasak.com.tr\/index.php?rest_route=\/wp\/v2\/posts\/357\/revisions"}],"wp:featuredmedia":[{"embeddable":true,"href":"https:\/\/www.ramazanbasak.com.tr\/index.php?rest_route=\/wp\/v2\/media\/356"}],"wp:attachment":[{"href":"https:\/\/www.ramazanbasak.com.tr\/index.php?rest_route=%2Fwp%2Fv2%2Fmedia&parent=357"}],"wp:term":[{"taxonomy":"category","embeddable":true,"href":"https:\/\/www.ramazanbasak.com.tr\/index.php?rest_route=%2Fwp%2Fv2%2Fcategories&post=357"},{"taxonomy":"post_tag","embeddable":true,"href":"https:\/\/www.ramazanbasak.com.tr\/index.php?rest_route=%2Fwp%2Fv2%2Ftags&post=357"}],"curies":[{"name":"wp","href":"https:\/\/api.w.org\/{rel}","templated":true}]}}