{"id":360,"date":"2010-10-01T08:56:42","date_gmt":"2010-10-01T05:56:42","guid":{"rendered":"https:\/\/www.ramazanbasak.com.tr\/basak-su-calistayi-urfada"},"modified":"2010-10-01T08:56:42","modified_gmt":"2010-10-01T05:56:42","slug":"basak-su-calistayi-urfada","status":"publish","type":"post","link":"https:\/\/www.ramazanbasak.com.tr\/?p=360","title":{"rendered":"BA\u015eAK: &#8220;SU \u00c7ALI\u015eTAYI URFA&#8217;DA&#8221;"},"content":{"rendered":"<p><img loading=\"lazy\" decoding=\"async\" class=\" alignleft size-full wp-image-359\" align=\"left\" width=\"134\" height=\"200\" alt=\"\" src=\"https:\/\/www.ramazanbasak.com.tr\/wp-content\/uploads\/2010\/10\/umre1-rotated.jpg\" \/><\/p>\n<p><strong>TBMM \u00c7evre Komisyon \u00fcyesi ve Ak Parti Urfa Mv Ramazan Ba\u015fak 2.si yap\u0131lacak Ortado\u011fuda Su ve \u00c7evre \u0130\u015fbirli\u011fi \u00c7al\u0131\u015ftay\u0131na Urfa&rsquo;n\u0131n 26-27 Eyl\u00fcl&rsquo;de ev sahipli\u011fi yapaca\u011f\u0131n\u0131 duyurdu. <!--more-->  <\/strong><\/p>\n<p>&nbsp;<\/p>\n<div>\n<div>Milletvekili Ramazan Ba\u015fak, ge\u00e7en sene \u0130svi\u00e7re&rsquo; de ilki yap\u0131lan uluslar aras\u0131 su \u00e7al\u0131\u015ftay\u0131n\u0131n bu sene \u015eanl\u0131urfa&rsquo; da yap\u0131lamas\u0131nda t\u00fcm milletvekili arkada\u015flar\u0131yla birlikte eme\u011fi ge\u00e7en herkese te\u015fekk\u00fcrlerini sundu\u011funu s\u00f6yledi.<\/div>\n<div>&nbsp;<\/div>\n<div>Milletvekili Ba\u015fak yapt\u0131\u011f\u0131 a\u00e7\u0131klamada \u015funlar\u0131 kaydetti:<\/div>\n<div>&nbsp;<\/div>\n<div>Ortado\u011fu ve \u00f6zellikle bizim b\u00f6lgemiz i\u00e7in suyun \u00f6nemini biliyoruz. Bu y\u00fczden 40 y\u0131ld\u0131r bitirilmeyen GAP \u0131 bitirmeye s\u00f6z verdi\u011fimiz gibi, sadece GAP la de\u011fil, di\u011fer projelerle de b\u00f6lgenin kalk\u0131nmas\u0131 i\u00e7in elimizden geleni yap\u0131yoruz. Ge\u00e7en sene uluslar aras\u0131 alanda bir\u00e7ok \u00fclkenin kat\u0131ld\u0131\u011f\u0131 \u0130svi\u00e7re&rsquo; deki ilk \u00e7al\u0131\u015ftaydan sonra 2. sinin \u015eanl\u0131urfa&rsquo; da olmas\u0131 i\u00e7in talimat veren say\u0131n ba\u015fbakan\u0131m\u0131z\u0131n deste\u011fiyle burada bu hafta sonu 26-27 Eyl\u00fcl de bunu ger\u00e7ekle\u015ftirece\u011fiz. \u00c7al\u0131\u015ftayda b\u00f6lgede T\u00fcrkiye-Irak-Suriye-L\u00fcbnan ve hatta \u00dcrd\u00fcn havzas\u0131n\u0131 kapsayacak \u015fekildeki 20-30 senelik planlar tart\u0131\u015f\u0131lacak, \u00e7\u00f6z\u00fcm yollar\u0131 sunulup, su verimlili\u011fi ve b\u00f6lgenin ihtiyac\u0131 olan suyun kar\u015f\u0131lanmas\u0131n\u0131n sa\u011flanmas\u0131 i\u00e7in hedefler a\u00e7\u0131klanacakt\u0131r<\/div>\n<div>&nbsp;<\/div>\n<div>Bu sadece su \u00e7al\u0131\u015ftay\u0131 olmayacakt\u0131r. \u0130svi\u00e7re, \u0130sve\u00e7, Suriye, Irak, L\u00fcbnan ve T\u00fcrkiye&rsquo; den bir\u00e7ok akademisyen, bilim adam\u0131 ve \u00fclke temsilcilerinin kat\u0131l\u0131m\u0131yla ger\u00e7ekle\u015ftirilecek bir organizasyon oldu\u011fu i\u00e7in \u015eanl\u0131urfa&rsquo; n\u0131n uluslar aras\u0131 alanda tan\u0131t\u0131lmas\u0131nda b\u00fcy\u00fck katk\u0131s\u0131 olacakt\u0131r.<\/div>\n<div>&nbsp;<\/div>\n<div>\u015eunu hat\u0131rlatmak isterim ki, biz Ak Parti ve iktidar\u0131 olarak b\u00f6lgeye, \u00fclkeye faydal\u0131 olma \u00e7abas\u0131 i\u00e7indeyiz. Projeyi sunup ondan sonra 40 y\u0131l beklemiyoruz. Ba\u015flayanlar\u0131 bitiriyor ve bunlara da alternatif projeler \u00fcretip hayata ge\u00e7irmeye \u00e7al\u0131\u015f\u0131yoruz. Bizim g\u00fcc\u00fcm\u00fcz millet i\u015fimiz hizmet. Ba\u015fka bir anlay\u0131\u015f i\u00e7inde, ba\u015fka bir tutum i\u00e7inde hi\u00e7bir zaman olmad\u0131k olmayaca\u011f\u0131z da. Her zaman \u00fclkeye, millete ve bar\u0131\u015fa hizmet edece\u011fiz. Bu siyasi hayatta da ondan sonra da b\u00f6yle olacakt\u0131r. Bunun takdirini de sokakta olsun, sand\u0131kta olsun g\u00f6rmekteyiz. Bu vesileyle \u00e7al\u0131\u015ftay\u0131n \u015eanl\u0131urfa ba\u015fta olmak \u00fczere \u00fclkemiz ve t\u00fcm Ortado\u011fu i\u00e7in hay\u0131rl\u0131 olmas\u0131n\u0131 diliyor, hem\u015ferilerime sevgi ve sayg\u0131lar\u0131m\u0131 sunuyorum.&rsquo; dedi.<\/div>\n<\/p><\/div>\n","protected":false},"excerpt":{"rendered":"<p>TBMM \u00c7evre Komisyon \u00fcyesi ve Ak Parti Urfa Mv Ramazan Ba\u015fak 2.si yap\u0131lacak Ortado\u011fuda Su ve \u00c7evre \u0130\u015fbirli\u011fi \u00c7al\u0131\u015ftay\u0131na Urfa&rsquo;n\u0131n 26-27 Eyl\u00fcl&rsquo;de ev sahipli\u011fi yapaca\u011f\u0131n\u0131 duyurdu. &nbsp; Milletvekili Ramazan Ba\u015fak, ge\u00e7en sene \u0130svi\u00e7re&rsquo; de ilki yap\u0131lan uluslar aras\u0131 su \u00e7al\u0131\u015ftay\u0131n\u0131n bu sene \u015eanl\u0131urfa&rsquo; da yap\u0131lamas\u0131nda t\u00fcm milletvekili arkada\u015flar\u0131yla birlikte eme\u011fi ge\u00e7en herkese te\u015fekk\u00fcrlerini sundu\u011funu s\u00f6yledi. &hellip;<\/p>\n","protected":false},"author":2,"featured_media":358,"comment_status":"open","ping_status":"open","sticky":false,"template":"","format":"standard","meta":{"footnotes":""},"categories":[8],"tags":[],"class_list":["post-360","post","type-post","status-publish","format-standard","has-post-thumbnail","hentry","category-haberler-haberler"],"_links":{"self":[{"href":"https:\/\/www.ramazanbasak.com.tr\/index.php?rest_route=\/wp\/v2\/posts\/360","targetHints":{"allow":["GET"]}}],"collection":[{"href":"https:\/\/www.ramazanbasak.com.tr\/index.php?rest_route=\/wp\/v2\/posts"}],"about":[{"href":"https:\/\/www.ramazanbasak.com.tr\/index.php?rest_route=\/wp\/v2\/types\/post"}],"author":[{"embeddable":true,"href":"https:\/\/www.ramazanbasak.com.tr\/index.php?rest_route=\/wp\/v2\/users\/2"}],"replies":[{"embeddable":true,"href":"https:\/\/www.ramazanbasak.com.tr\/index.php?rest_route=%2Fwp%2Fv2%2Fcomments&post=360"}],"version-history":[{"count":0,"href":"https:\/\/www.ramazanbasak.com.tr\/index.php?rest_route=\/wp\/v2\/posts\/360\/revisions"}],"wp:featuredmedia":[{"embeddable":true,"href":"https:\/\/www.ramazanbasak.com.tr\/index.php?rest_route=\/wp\/v2\/media\/358"}],"wp:attachment":[{"href":"https:\/\/www.ramazanbasak.com.tr\/index.php?rest_route=%2Fwp%2Fv2%2Fmedia&parent=360"}],"wp:term":[{"taxonomy":"category","embeddable":true,"href":"https:\/\/www.ramazanbasak.com.tr\/index.php?rest_route=%2Fwp%2Fv2%2Fcategories&post=360"},{"taxonomy":"post_tag","embeddable":true,"href":"https:\/\/www.ramazanbasak.com.tr\/index.php?rest_route=%2Fwp%2Fv2%2Ftags&post=360"}],"curies":[{"name":"wp","href":"https:\/\/api.w.org\/{rel}","templated":true}]}}