{"id":362,"date":"2010-10-01T13:43:46","date_gmt":"2010-10-01T10:43:46","guid":{"rendered":"https:\/\/www.ramazanbasak.com.tr\/basak-kurt-sorununu-cozecegiz"},"modified":"2010-10-01T13:43:46","modified_gmt":"2010-10-01T10:43:46","slug":"basak-kurt-sorununu-cozecegiz","status":"publish","type":"post","link":"https:\/\/www.ramazanbasak.com.tr\/?p=362","title":{"rendered":"Ba\u015fak &#8216;K\u00fcrt Sorununu \u00c7\u00f6zece\u011fiz.&#8217;"},"content":{"rendered":"<p><img loading=\"lazy\" decoding=\"async\" class=\" alignleft size-full wp-image-361\" align=\"left\" width=\"225\" height=\"180\" alt=\"\" src=\"https:\/\/www.ramazanbasak.com.tr\/wp-content\/uploads\/2010\/10\/cnnturk1.bmp\" \/><\/p>\n<p><strong>Ak Parti \u015eanl\u0131urfa Milletvekili Ramazan Ba\u015fak ve BDP Milletvekili \u0130brahim Binici, CNNT\u00dcRK ekranlar\u0131nda kar\u015f\u0131 kar\u015f\u0131 gelerek g\u00fcndemle ilgili \u00f6nemli a\u00e7\u0131klamalarda bulundular. <!--more-->  <\/strong><\/p>\n<p>Ak Parti \u015eanl\u0131urfa Milletvekili Ramazan Ba\u015fak ve Bar\u0131\u015f ve Demokrasi partisi Milletvekili \u0130brahim Binici, CNNTURK ekranlar\u0131nda kar\u015f\u0131 kar\u015f\u0131 gelerek g\u00fcndemle ilgili \u00f6nemli a\u00e7\u0131klamalarda bulundular. <br \/> Bar\u0131\u015f ve demokrasi Partisinin \u0130ktidar partisiyle yapacaklar\u0131 olan g\u00f6r\u00fc\u015fme \u00f6ncesi, Hakkari&rsquo;de meydana gelen 9 ki\u015finin \u00f6l\u00fcm\u00fcyle sonu\u00e7lanan may\u0131nl\u0131 patlama sunucu g\u00f6r\u00fc\u015fmelerin neden iptal oldu\u011fu dile getirilerek tart\u0131\u015f\u0131ld\u0131. <br \/> Ak Parti \u015eanl\u0131urfa Milletvekili Ramazan Ba\u015fak o g\u00fcn i\u00e7erisinde ya\u015fanan bu olay\u0131n Ba\u015fbakan yard\u0131mc\u0131m\u0131z ve ilgili bakan\u0131m\u0131z iptal edilmesi do\u011fald\u0131. Ama ben bu sorunun \u00e7\u00f6z\u00fclmesi i\u00e7in akan kan\u0131n durmas\u0131 i\u00e7in do\u011fu ve g\u00fcneydo\u011fuyla birlikte seksen bir ilde karde\u015f\u00e7e ya\u015fan\u0131labilir bir \u00fclke i\u00e7in BDP&rsquo;den gelecek olan randevunun en k\u0131sa s\u00fcre i\u00e7erisinde parti yetkililerimiz ve Ba\u015fbakan\u0131m\u0131z\u0131n nezninde de\u011ferlendirilece\u011fini umuyorum. B\u00f6lgenin ve T\u00fcrkiye&rsquo;nin bunu \u00f6zellikle bekledi\u011fini belirtmek istiyorum.&rsquo; Dedi. <br \/> \u00fclke g\u00fcndemiyle ilgili Ba\u015fak Ve Binici&#8217;nin yapm\u0131\u015f olduklar\u0131 \u00f6nemli a\u00e7\u0131klamalar\u0131n devam\u0131 video da izleyebilirsiniz&#8230; <br \/> Bar\u0131\u015f ve Demokrasi Partisi \u015eanl\u0131urfa Milletvekili \u0130brahim Binici &lsquo;Demokratik toplum kongresi bir \u015femsiyedir. Dolay\u0131s\u0131yla t\u00fcm sivil toplum \u00f6rg\u00fctlerini i\u00e7erisinde bar\u0131nd\u0131r\u0131yor. Demokratik toplum kongresi e\u015f ba\u015fkanlar\u0131yla g\u00f6r\u00fc\u015f\u00fclmesi bana g\u00f6re ciddi sonu\u00e7lar a\u00e7\u0131\u011fa \u00e7\u0131karm\u0131\u015f olacakt\u0131r. \u0130\u015fte bu ciddi sonu\u00e7lar\u0131n a\u00e7\u0131\u011fa \u00e7\u0131kmamas\u0131 i\u00e7in s\u0131radan sivil toplum \u00f6rg\u00fcleriyle g\u00f6r\u00fc\u015fmek bana g\u00f6re bir fayda sa\u011flamaz. Diye konu\u015ftu. <br \/> &nbsp;<\/p>\n","protected":false},"excerpt":{"rendered":"<p>Ak Parti \u015eanl\u0131urfa Milletvekili Ramazan Ba\u015fak ve BDP Milletvekili \u0130brahim Binici, CNNT\u00dcRK ekranlar\u0131nda kar\u015f\u0131 kar\u015f\u0131 gelerek g\u00fcndemle ilgili \u00f6nemli a\u00e7\u0131klamalarda bulundular. Ak Parti \u015eanl\u0131urfa Milletvekili Ramazan Ba\u015fak ve Bar\u0131\u015f ve Demokrasi partisi Milletvekili \u0130brahim Binici, CNNTURK ekranlar\u0131nda kar\u015f\u0131 kar\u015f\u0131 gelerek g\u00fcndemle ilgili \u00f6nemli a\u00e7\u0131klamalarda bulundular. Bar\u0131\u015f ve demokrasi Partisinin \u0130ktidar partisiyle yapacaklar\u0131 olan g\u00f6r\u00fc\u015fme \u00f6ncesi, &hellip;<\/p>\n","protected":false},"author":2,"featured_media":361,"comment_status":"open","ping_status":"open","sticky":false,"template":"","format":"standard","meta":{"footnotes":""},"categories":[8],"tags":[],"class_list":["post-362","post","type-post","status-publish","format-standard","has-post-thumbnail","hentry","category-haberler-haberler"],"_links":{"self":[{"href":"https:\/\/www.ramazanbasak.com.tr\/index.php?rest_route=\/wp\/v2\/posts\/362","targetHints":{"allow":["GET"]}}],"collection":[{"href":"https:\/\/www.ramazanbasak.com.tr\/index.php?rest_route=\/wp\/v2\/posts"}],"about":[{"href":"https:\/\/www.ramazanbasak.com.tr\/index.php?rest_route=\/wp\/v2\/types\/post"}],"author":[{"embeddable":true,"href":"https:\/\/www.ramazanbasak.com.tr\/index.php?rest_route=\/wp\/v2\/users\/2"}],"replies":[{"embeddable":true,"href":"https:\/\/www.ramazanbasak.com.tr\/index.php?rest_route=%2Fwp%2Fv2%2Fcomments&post=362"}],"version-history":[{"count":0,"href":"https:\/\/www.ramazanbasak.com.tr\/index.php?rest_route=\/wp\/v2\/posts\/362\/revisions"}],"wp:featuredmedia":[{"embeddable":true,"href":"https:\/\/www.ramazanbasak.com.tr\/index.php?rest_route=\/wp\/v2\/media\/361"}],"wp:attachment":[{"href":"https:\/\/www.ramazanbasak.com.tr\/index.php?rest_route=%2Fwp%2Fv2%2Fmedia&parent=362"}],"wp:term":[{"taxonomy":"category","embeddable":true,"href":"https:\/\/www.ramazanbasak.com.tr\/index.php?rest_route=%2Fwp%2Fv2%2Fcategories&post=362"},{"taxonomy":"post_tag","embeddable":true,"href":"https:\/\/www.ramazanbasak.com.tr\/index.php?rest_route=%2Fwp%2Fv2%2Ftags&post=362"}],"curies":[{"name":"wp","href":"https:\/\/api.w.org\/{rel}","templated":true}]}}