{"id":364,"date":"2010-10-01T13:53:15","date_gmt":"2010-10-01T10:53:15","guid":{"rendered":"https:\/\/www.ramazanbasak.com.tr\/basak-birbirimizi-anlamamiz-lazim"},"modified":"2010-10-01T13:53:15","modified_gmt":"2010-10-01T10:53:15","slug":"basak-birbirimizi-anlamamiz-lazim","status":"publish","type":"post","link":"https:\/\/www.ramazanbasak.com.tr\/?p=364","title":{"rendered":"Ba\u015fak &#8216;Birbirimizi Anlamam\u0131z Laz\u0131m&#8217;"},"content":{"rendered":"<p><img loading=\"lazy\" decoding=\"async\" class=\" alignleft size-full wp-image-363\" align=\"left\" width=\"225\" height=\"180\" alt=\"\" src=\"https:\/\/www.ramazanbasak.com.tr\/wp-content\/uploads\/2010\/10\/beyaztv1.bmp\" \/><\/p>\n<p><strong>Ak Parti \u015eanl\u0131urfa Miiletvekili Ramazan Ba\u015fak di\u011fer partilere seslenerek bu \u00fclke i\u00e7in birlik berabelik i\u00e7inde \u00e7al\u0131\u015fmam\u0131z laz\u0131m&#8217; Dedi.  <!--more-->  <\/strong><\/p>\n<p>&nbsp;<\/p>\n<div style=\"margin: 0in 0in 10pt\"><span style=\"font-size: 12px\"><span style=\"line-height: 115%\">Ak Parti \u015eanl\u0131urfa Milletvekili Ramazan Ba\u015fak BEYAZ TV&rsquo;ye konuk oldu. G\u00fcndemle ilgili \u00f6nemli a\u00e7\u0131klamalarda bulundu. <\/span><\/span><\/div>\n<p><span style=\"font-size: 12px\"><br \/> <\/span><\/p>\n<div style=\"margin: 0in 0in 10pt\"><span style=\"font-size: 12px\"><span style=\"line-height: 115%\">Ak Parti \u015eanl\u0131urfa Milletvekili Ramazan Ba\u015fak, B\u00fcy\u00fck Birlik Partisi Genel Ba\u015fkan yard\u0131mc\u0131s\u0131 Selahattin \u015eenliler ve ANAP Diyarbak\u0131r eski milletvekili Septetullah Seydao\u011flu ile birlikte&nbsp;beyaz TV&rsquo;de yay\u0131nlanan &lsquo;SA\u011eDUYU&rsquo; program\u0131na konuk oldular. G\u00fcndemle ilgili tart\u0131\u015fmalar\u0131n ya\u015fand\u0131\u011f\u0131 programda \u00fclke g\u00fcndeminde bulunan ter\u00f6r, k\u00fcrt sorunu ve 12 Eyl\u00fcl de yap\u0131lan referandum se\u00e7imlerinden sonra de\u011fi\u015fen anayasan\u0131n \u00fclke a\u00e7\u0131s\u0131ndan, sorunlar\u0131n \u00e7\u00f6z\u00fclebilesi i\u00e7in g\u00f6r\u00fc\u015f ve \u00f6nerilerin dile getirdiler. <\/span><\/span><\/div>\n<p><span style=\"font-size: 12px\"><br \/> <\/span><\/p>\n<div style=\"margin: 0in 0in 10pt\"><span style=\"font-size: 12px\"><span style=\"line-height: 115%\">Ak Parti \u015eanl\u0131urfa Milletvekili Ramazan Ba\u015fak &lsquo; T\u00fcrkiye&rsquo;nin do\u011fu ve g\u00fcneydo\u011funun bat\u0131 taraf\u0131nda kalan vatanda\u015flar\u0131m\u0131z kafas\u0131nda kar\u0131\u015f\u0131kl\u0131k yaratmak amac\u0131yla, do\u011fu ve g\u00fcneydo\u011fu halk\u0131n\u0131n %65&rsquo;i boykota kat\u0131lm\u0131\u015f Siirt&rsquo;te Batman&rsquo;da \u015eanl\u0131urfa&rsquo;daki insanlar\u0131n %30 %40 isteyerek g\u00f6n\u00fcll\u00fc boykota destek vermi\u015f gibi bir alg\u0131 yaratmak istiyorlar. Ama o boykotu destekleyen %17&rsquo;lik oran\u0131n\u0131n i\u00e7erisinde de \u015fuan da en az\u0131ndan %10, Ordu&rsquo;da Giresun&rsquo;da, Sinop&rsquo;ta Yozgat&rsquo;ta Sakarya&rsquo;da Manisa&rsquo;da ve Ankara&rsquo;n\u0131n Kazan\u0131ndan tutun di\u011fer b\u00f6lgelerine kadar mevsimlik i\u015f\u00e7i olarak \u00e7al\u0131\u015f\u0131yorlar. Ge\u00e7mi\u015f iktidarlar\u0131 devlet ad\u0131na o b\u00f6lgeye hizmet getirmesi gereken insanlar\u0131 ele\u015ftirmemizin temelinde bu var. Diyerek konu\u015fmas\u0131na devam etti.<\/span><\/span><\/div>\n","protected":false},"excerpt":{"rendered":"<p>Ak Parti \u015eanl\u0131urfa Miiletvekili Ramazan Ba\u015fak di\u011fer partilere seslenerek bu \u00fclke i\u00e7in birlik berabelik i\u00e7inde \u00e7al\u0131\u015fmam\u0131z laz\u0131m&#8217; Dedi. &nbsp; Ak Parti \u015eanl\u0131urfa Milletvekili Ramazan Ba\u015fak BEYAZ TV&rsquo;ye konuk oldu. G\u00fcndemle ilgili \u00f6nemli a\u00e7\u0131klamalarda bulundu. Ak Parti \u015eanl\u0131urfa Milletvekili Ramazan Ba\u015fak, B\u00fcy\u00fck Birlik Partisi Genel Ba\u015fkan yard\u0131mc\u0131s\u0131 Selahattin \u015eenliler ve ANAP Diyarbak\u0131r eski milletvekili Septetullah Seydao\u011flu &hellip;<\/p>\n","protected":false},"author":2,"featured_media":363,"comment_status":"open","ping_status":"open","sticky":false,"template":"","format":"standard","meta":{"footnotes":""},"categories":[8],"tags":[],"class_list":["post-364","post","type-post","status-publish","format-standard","has-post-thumbnail","hentry","category-haberler-haberler"],"_links":{"self":[{"href":"https:\/\/www.ramazanbasak.com.tr\/index.php?rest_route=\/wp\/v2\/posts\/364","targetHints":{"allow":["GET"]}}],"collection":[{"href":"https:\/\/www.ramazanbasak.com.tr\/index.php?rest_route=\/wp\/v2\/posts"}],"about":[{"href":"https:\/\/www.ramazanbasak.com.tr\/index.php?rest_route=\/wp\/v2\/types\/post"}],"author":[{"embeddable":true,"href":"https:\/\/www.ramazanbasak.com.tr\/index.php?rest_route=\/wp\/v2\/users\/2"}],"replies":[{"embeddable":true,"href":"https:\/\/www.ramazanbasak.com.tr\/index.php?rest_route=%2Fwp%2Fv2%2Fcomments&post=364"}],"version-history":[{"count":0,"href":"https:\/\/www.ramazanbasak.com.tr\/index.php?rest_route=\/wp\/v2\/posts\/364\/revisions"}],"wp:featuredmedia":[{"embeddable":true,"href":"https:\/\/www.ramazanbasak.com.tr\/index.php?rest_route=\/wp\/v2\/media\/363"}],"wp:attachment":[{"href":"https:\/\/www.ramazanbasak.com.tr\/index.php?rest_route=%2Fwp%2Fv2%2Fmedia&parent=364"}],"wp:term":[{"taxonomy":"category","embeddable":true,"href":"https:\/\/www.ramazanbasak.com.tr\/index.php?rest_route=%2Fwp%2Fv2%2Fcategories&post=364"},{"taxonomy":"post_tag","embeddable":true,"href":"https:\/\/www.ramazanbasak.com.tr\/index.php?rest_route=%2Fwp%2Fv2%2Ftags&post=364"}],"curies":[{"name":"wp","href":"https:\/\/api.w.org\/{rel}","templated":true}]}}