{"id":366,"date":"2010-10-01T14:24:15","date_gmt":"2010-10-01T11:24:15","guid":{"rendered":"https:\/\/www.ramazanbasak.com.tr\/basak-tv8de-sorulari-cevapladi"},"modified":"2010-10-01T14:24:15","modified_gmt":"2010-10-01T11:24:15","slug":"basak-tv8de-sorulari-cevapladi","status":"publish","type":"post","link":"https:\/\/www.ramazanbasak.com.tr\/?p=366","title":{"rendered":"Ba\u015fak TV8&#8217;de sorular\u0131 cevaplad\u0131."},"content":{"rendered":"<p><img loading=\"lazy\" decoding=\"async\" class=\" alignleft size-full wp-image-365\" align=\"left\" width=\"225\" height=\"180\" alt=\"\" src=\"https:\/\/www.ramazanbasak.com.tr\/wp-content\/uploads\/2010\/10\/tv82.bmp\" \/><\/p>\n<p><strong>Ak Parti \u015eanl\u0131urfa Milletvekili bug\u00fcn sabah 9:30 s\u0131ralar\u0131nda tv8 de Erkan Tan&rsquo;\u0131n konu\u011fu oldu. <\/strong><span style=\"font-size: 12px\"><span style=\"line-height: 115%; mso-bidi-font-size: 11.0pt\"><font face=\"Calibri\">Ak Parti \u015eanl\u0131urfa Milletvekili Ramazan Ba\u015fak&rsquo;tan \u00f6nce programa kat\u0131lan Milliyet\u00e7i Hareket Partisi Genel Ba\u015fkan yard\u0131mc\u0131s\u0131 M\u00fcnir Atakulu&rsquo;nun yapm\u0131\u015f oldu\u011fu a\u00e7\u0131klamalara Ba\u015fak cevap verdi.<\/font><\/span><\/span><\/p>\n","protected":false},"excerpt":{"rendered":"<p>Ak Parti \u015eanl\u0131urfa Milletvekili bug\u00fcn sabah 9:30 s\u0131ralar\u0131nda tv8 de Erkan Tan&rsquo;\u0131n konu\u011fu oldu. Ak Parti \u015eanl\u0131urfa Milletvekili Ramazan Ba\u015fak&rsquo;tan \u00f6nce programa kat\u0131lan Milliyet\u00e7i Hareket Partisi Genel Ba\u015fkan yard\u0131mc\u0131s\u0131 M\u00fcnir Atakulu&rsquo;nun yapm\u0131\u015f oldu\u011fu a\u00e7\u0131klamalara Ba\u015fak cevap verdi.<\/p>\n","protected":false},"author":2,"featured_media":365,"comment_status":"open","ping_status":"open","sticky":false,"template":"","format":"standard","meta":{"footnotes":""},"categories":[8],"tags":[],"class_list":["post-366","post","type-post","status-publish","format-standard","has-post-thumbnail","hentry","category-haberler-haberler"],"_links":{"self":[{"href":"https:\/\/www.ramazanbasak.com.tr\/index.php?rest_route=\/wp\/v2\/posts\/366","targetHints":{"allow":["GET"]}}],"collection":[{"href":"https:\/\/www.ramazanbasak.com.tr\/index.php?rest_route=\/wp\/v2\/posts"}],"about":[{"href":"https:\/\/www.ramazanbasak.com.tr\/index.php?rest_route=\/wp\/v2\/types\/post"}],"author":[{"embeddable":true,"href":"https:\/\/www.ramazanbasak.com.tr\/index.php?rest_route=\/wp\/v2\/users\/2"}],"replies":[{"embeddable":true,"href":"https:\/\/www.ramazanbasak.com.tr\/index.php?rest_route=%2Fwp%2Fv2%2Fcomments&post=366"}],"version-history":[{"count":0,"href":"https:\/\/www.ramazanbasak.com.tr\/index.php?rest_route=\/wp\/v2\/posts\/366\/revisions"}],"wp:featuredmedia":[{"embeddable":true,"href":"https:\/\/www.ramazanbasak.com.tr\/index.php?rest_route=\/wp\/v2\/media\/365"}],"wp:attachment":[{"href":"https:\/\/www.ramazanbasak.com.tr\/index.php?rest_route=%2Fwp%2Fv2%2Fmedia&parent=366"}],"wp:term":[{"taxonomy":"category","embeddable":true,"href":"https:\/\/www.ramazanbasak.com.tr\/index.php?rest_route=%2Fwp%2Fv2%2Fcategories&post=366"},{"taxonomy":"post_tag","embeddable":true,"href":"https:\/\/www.ramazanbasak.com.tr\/index.php?rest_route=%2Fwp%2Fv2%2Ftags&post=366"}],"curies":[{"name":"wp","href":"https:\/\/api.w.org\/{rel}","templated":true}]}}