{"id":367,"date":"2010-10-01T14:28:05","date_gmt":"2010-10-01T11:28:05","guid":{"rendered":"https:\/\/www.ramazanbasak.com.tr\/aysel-tugluku-imraliya-ak-parti-mi-gonderdi"},"modified":"2010-10-01T14:28:05","modified_gmt":"2010-10-01T11:28:05","slug":"aysel-tugluku-imraliya-ak-parti-mi-gonderdi","status":"publish","type":"post","link":"https:\/\/www.ramazanbasak.com.tr\/?p=367","title":{"rendered":"&#8220;Aysel Tu\u011fluk&#8217;u \u0130mral\u0131&#8217;ya AK Parti mi g\u00f6nderdi?&#8221;"},"content":{"rendered":"<p><img loading=\"lazy\" decoding=\"async\" class=\" alignleft size-full wp-image-334\" align=\"left\" width=\"200\" height=\"134\" alt=\"\" src=\"https:\/\/www.ramazanbasak.com.tr\/wp-content\/uploads\/2010\/08\/_hhg9287.jpg\" \/><\/p>\n<h2 style=\"line-height: 16pt; margin: 3.75pt 0cm; background: white\"><span style=\"font-size: 12px\"><span style=\"font-family: Verdana; color: #636a5a\">AK Parti \u015eanl\u0131urfa Milletvekili Ramazan Ba\u015fak, Aysel Tu\u011fluk&#8217;un \u00d6calan&#8217;la g\u00f6r\u00fc\u015fmesini ve g\u00fcndemi de\u011ferlendirdi<\/span><\/span><span style=\"font-family: Verdana; color: #636a5a; font-size: 12pt\"><o:p><\/o:p><\/span><\/h2>\n<p>  <!--more-->  <\/p>\n<p style=\"line-height: 15pt; background: white\"><span style=\"font-family: Verdana; color: #454545; font-size: 9pt\">Tv8 Ankara Temsilcisi Erkan Tan, &lsquo;Erkan Tan \u0130le Ba\u015fkentten&rsquo; Program\u0131nda AK Parti \u015eanl\u0131urfa Milletvekili Ramazan Ba\u015fak&rsquo;\u0131 a\u011f\u0131rlad\u0131. Ba\u015fak g\u00fcndemi de\u011ferlendirdi.<o:p><\/o:p><\/span><\/p>\n<p style=\"line-height: 15pt; background: white\"><strong><span style=\"font-family: Verdana; color: #454545; font-size: 9pt\">Aysel Tu\u011fluk&rsquo;u \u0130mral\u0131&rsquo;ya AK Parti&rsquo;mi g\u00f6nderdi? Bizim su\u00e7umuz ne?<\/span><\/strong><span style=\"font-family: Verdana; color: #454545; font-size: 9pt\"><br \/> \u00d6calan ile g\u00f6r\u00fc\u015fen Avukat Aysel Tu\u011fluk hakk\u0131nda konu\u015fan Ba\u015fak, &ldquo;Aysel Tu\u011fluk, eski yasakl\u0131 Milletvekilidir. \u0130mral\u0131&rsquo;dakinin resmi avukat\u0131d\u0131r. Tu\u011fluk&rsquo;u \u0130mral\u0131&rsquo;ya AK Parti&rsquo;mi g\u00f6nderdi? Burada bizim su\u00e7umuz ne? Engelleyelim mi? Bu \u00fclkeyi gerelim mi? Medyan\u0131n i\u00e7indeki baz\u0131 gruplara g\u00f6re, sanki Ak Parti, BDP ile g\u00f6r\u00fc\u015ft\u00fc, BDP de oraya gitti. Israrla s\u00f6yl\u00fcyorum. Bizim burada su\u00e7umuz ne? Aysel Tu\u011fluk avukatl\u0131k kimli\u011fi ile gitmi\u015ftir. D\u0131\u015far\u0131 \u00e7\u0131kt\u0131ktan sonraki eylemleri, s\u00f6ylemleri e\u011fer bu \u00fclkenin hukuk sistemine g\u00f6re yanl\u0131\u015f ise, \u00fclkenin savc\u0131lar\u0131, hakimleri, yarg\u0131s\u0131 var. Do\u011fuyu, G\u00fcneydo\u011fuyu g\u00f6rmemi\u015f siyaset\u00e7iler, Do\u011fu ve G\u00fcneydo\u011fu \u00fczerinden rant sa\u011flamaya \u00e7al\u0131\u015f\u0131yorlar&rdquo; dedi.<o:p><\/o:p><\/span><\/p>\n<p style=\"line-height: 15pt; background: white\"><strong><span style=\"font-family: Verdana; color: #454545; font-size: 9pt\">BDP, \u00e7\u00f6z\u00fcm i\u00e7in g\u00f6r\u00fc\u015f\u00fclmesi gereken siyasi bir akt\u00f6rd\u00fcr<\/span><\/strong><span style=\"font-family: Verdana; color: #454545; font-size: 9pt\"><br \/> H\u00fck\u00fcmetin, BDP ile g\u00f6r\u00fc\u015fmesini ele\u015ftirenlere, &ldquo;\u015eu anda BDP; Do\u011fu, G\u00fcneydo\u011fu ve Bat\u0131dan da oy alm\u0131\u015f, parlamentoya girmi\u015f, siyasi bir parti mi? Bu sorunun \u00e7\u00f6z\u00fclmesi i\u00e7in muhatap al\u0131nmas\u0131 gereken siyasi akt\u00f6rlerden biri mi? Biz, mecliste bulunan bulunmayan b\u00fct\u00fcn partiler d\u0131\u015f\u0131nda muhatab\u0131m\u0131z\u0131n sadece halk oldu\u011funu s\u00f6yl\u00fcyor muyuz? Birileri neden \u0130mral\u0131&rsquo;y\u0131, Kandil&rsquo;i, ya da ba\u015fka \u00fclkeleri muhatap al\u0131yormu\u015fuz gibi g\u00f6r\u00fcnt\u00fc sergilemek istiyor? Burada bir kas\u0131t var&rdquo; \u015feklinde yan\u0131t verdi.<o:p><\/o:p><\/span><\/p>\n<p style=\"line-height: 15pt; background: white\"><strong><span style=\"font-family: Verdana; color: #454545; font-size: 9pt\">TRT \u015ee\u015f&rsquo;i a\u00e7\u0131nca \u00fclke mi b\u00f6l\u00fcnd\u00fc?<\/span><\/strong><span style=\"font-family: Verdana; color: #454545; font-size: 9pt\"><br \/> \u00dclke b\u00f6l\u00fcnecek iddialar\u0131na sert cevap veren Ba\u015fak, &ldquo;Kaynayan kazan kapak tutmaz&rdquo; dedi. 30 y\u0131ld\u0131r bu kazan\u0131n oldu\u011funu s\u00f6yleyen Ba\u015fak, Ak Parti&rsquo;nin \u00fclke b\u00fct\u00fcnl\u00fc\u011f\u00fc, demokrasi, karde\u015flik ve laikli\u011fi korumak ad\u0131na kapa\u011f\u0131 tutup, kapatmaya \u00e7al\u0131\u015ft\u0131\u011f\u0131n\u0131; birilerinin de ate\u015fi g\u00fc\u00e7lendirmek i\u00e7in alt\u0131na s\u00fcrekli odun att\u0131\u011f\u0131n\u0131 belirtti. &ldquo;Bu tencere, kapak meselesi unutulmas\u0131n. Kuzey Irak&rsquo;ta, Suriye&rsquo;de, Yunanistan&rsquo;da ter\u00f6r\u00fcn ve K\u00fcrt meselesinin alt\u0131na da odun atmad\u0131lar m\u0131? TRT \u015ee\u015f&rsquo;i a\u00e7t\u0131k. Ne oldu? \u00dclke b\u00f6l\u00fcnd\u00fc m\u00fc? Bunda ne var, neden korkuyorlar? Bu \u00fclkenin korkular\u0131n\u0131 yenmesi laz\u0131m&rdquo; dedi.<o:p><\/o:p><\/span><\/p>\n<p style=\"line-height: 15pt; background: white\"><strong><span style=\"font-family: Verdana; color: #454545; font-size: 9pt\">Bakan tabi ki Kuzey Irak&rsquo;a gidecek<\/span><\/strong><span style=\"font-family: Verdana; color: #454545; font-size: 9pt\"><br \/> &ldquo;Kuzey Irak&rsquo;ta b\u00fct\u00fcn d\u00fcnyan\u0131n tan\u0131d\u0131\u011f\u0131 bir ger\u00e7ek var. Biz kendi s\u0131n\u0131rlar\u0131m\u0131zdan sorumluyuz ama s\u0131n\u0131rlar\u0131m\u0131z d\u0131\u015f\u0131ndaki her t\u00fcrl\u00fc geli\u015fmeyi takip etmek zorunday\u0131z. Kandil Da\u011f\u0131 dedi\u011fimiz b\u00f6lge Kuzey Irak s\u0131n\u0131rlar\u0131 i\u00e7inde mi? Ter\u00f6r var diyor musunuz? T\u00fcrkiye&rsquo;ye eylemler yap\u0131l\u0131yor mu? Muhalefet&rsquo;in t\u00fcm engellemelerine ra\u011fmen, iktidarsan\u0131z bu sorunu \u00e7\u00f6zmek i\u00e7in odun atanlar\u0131n elini oradan \u00e7ekmemiz laz\u0131m. Baz\u0131 Avrupa \u00fclkelerinin ter\u00f6re verdi\u011fi deste\u011fi unutmamak laz\u0131m. Kuzey Irak da bu i\u015fin k\u00f6\u015fe ba\u015flar\u0131ndan biri. Say\u0131n Bakan tabi ki Kuzey Irak&rsquo;a gidecek. Evlad\u0131 askere gitti\u011fi i\u00e7in g\u00f6z\u00fcne uyku girmeyen anne i\u00e7in gitmezse yaz\u0131k etmi\u015f olur. Biz vatan\u0131n\u0131 korusun diye, davul zurna ile g\u00f6nderdi\u011fimiz askerin sa\u011f salim d\u00f6nmesi i\u00e7in u\u011fra\u015f\u0131yoruz&rdquo; dedi.<o:p><\/o:p><\/span><\/p>\n<p style=\"line-height: 15pt; background: white\"><strong><span style=\"font-family: Verdana; color: #454545; font-size: 9pt\">7.5 trilyona kadar, 2 y\u0131l geri \u00f6demesiz, 5 y\u0131l faizsiz kredi<\/span><\/strong><span style=\"font-family: Verdana; color: #454545; font-size: 9pt\"><br \/> Ba\u015fak, hayvanc\u0131l\u0131k ile u\u011fra\u015fanlar\u0131n, projeye g\u00f6re 1 trilyondan, 7.5 trilyona kadar, 2 y\u0131l geri \u00f6demesiz, 5 y\u0131l faizsiz kredi alabileceklerini a\u00e7\u0131klad\u0131. &ldquo;2 y\u0131l \u00f6demesiz olmas\u0131n\u0131n nedeni; i\u015fletilmesi ve kara ge\u00e7ilmesi i\u00e7in gereken s\u00fcre olmas\u0131d\u0131r. Di\u011fer \u0130ktidarlar\u0131n d\u00f6neminde yap\u0131ld\u0131\u011f\u0131 gibi bu paray\u0131 cepe cukka edip yurtd\u0131\u015f\u0131na ka\u00e7mak yok. Daha \u00f6nce krediyi al\u0131p, \u0130svi\u00e7re Bankalar\u0131nda keyfini s\u00fcrd\u00fcler. Art\u0131k \u00f6yle yok. Projenin hangi k\u0131sm\u0131n\u0131 yap\u0131yorsan sana o kadar para veriyoruz&rdquo; diye konu\u015ftu.<o:p><\/o:p><\/span><\/p>\n<p style=\"line-height: 15pt; background: white\"><strong><span style=\"font-family: Verdana; color: #454545; font-size: 9pt\">Devlet destek verecek, siz giri\u015fimci olacaks\u0131n\u0131z<\/span><\/strong><span style=\"font-family: Verdana; color: #454545; font-size: 9pt\"><br \/> &ldquo;Giri\u015fimci olmal\u0131y\u0131z. Devlet hayvan \u00e7iftli\u011fi kuramaz. Devlet destek verecek, finans kaynaklar\u0131 sa\u011flayacak, e\u011fitim verecek&rdquo; diyen Ba\u015fak, daha \u00f6nceki iktidarlar\u0131n, sorun ne ise sadece o alanla ilgilendiklerini, di\u011fer alanlar\u0131 unuttuklar\u0131n\u0131 ifade ederek, Ak Parti H\u00fck\u00fcmeti&rsquo;nin bir \u00e7ok alandaki kalk\u0131nmayla ayn\u0131 anda u\u011fra\u015ft\u0131\u011f\u0131n\u0131n alt\u0131n\u0131 \u00e7izdi.<o:p><\/o:p><\/span><\/p>\n<p style=\"line-height: 15pt; background: white\"><strong><span style=\"font-family: Verdana; color: #454545; font-size: 9pt\">Bizim bayra\u011f\u0131m\u0131z K\u00fcrt, T\u00fcrk, Laz, \u00c7erkez herkesin bayra\u011f\u0131d\u0131r<\/span><\/strong><span style=\"font-family: Verdana; color: #454545; font-size: 9pt\"><br \/> 2. Bayrak olacak iddialar\u0131na y\u00f6nelik konu\u015fan Ba\u015fak, &ldquo;\u015eimdi ben buradaki her \u015feyi al\u0131yorum desem, en fazla g\u00fcl\u00fcp ge\u00e7ersiniz bu s\u00f6yledi\u011fime. Bizim bayra\u011f\u0131m\u0131z K\u00fcrt, T\u00fcrk, Laz, \u00c7erkez herkesin bayra\u011f\u0131d\u0131r. \u00c7\u00fcnk\u00fc Kurtulu\u015f Sava\u015f\u0131&rsquo;nda dedelerimiz beraber \u015fehit d\u00fc\u015ft\u00fc. Ben neden bayra\u011f\u0131m\u0131 sana vereyim? Bu bayrak bizim. 72 milyon insan, bu vatan\u0131n 780 bin km topra\u011f\u0131nda hak sahibidir&rdquo; dedi.<o:p><\/o:p><\/span><\/p>\n<p>&nbsp;<\/p>\n","protected":false},"excerpt":{"rendered":"<p>AK Parti \u015eanl\u0131urfa Milletvekili Ramazan Ba\u015fak, Aysel Tu\u011fluk&#8217;un \u00d6calan&#8217;la g\u00f6r\u00fc\u015fmesini ve g\u00fcndemi de\u011ferlendirdi Tv8 Ankara Temsilcisi Erkan Tan, &lsquo;Erkan Tan \u0130le Ba\u015fkentten&rsquo; Program\u0131nda AK Parti \u015eanl\u0131urfa Milletvekili Ramazan Ba\u015fak&rsquo;\u0131 a\u011f\u0131rlad\u0131. Ba\u015fak g\u00fcndemi de\u011ferlendirdi. Aysel Tu\u011fluk&rsquo;u \u0130mral\u0131&rsquo;ya AK Parti&rsquo;mi g\u00f6nderdi? Bizim su\u00e7umuz ne? \u00d6calan ile g\u00f6r\u00fc\u015fen Avukat Aysel Tu\u011fluk hakk\u0131nda konu\u015fan Ba\u015fak, &ldquo;Aysel Tu\u011fluk, eski yasakl\u0131 &hellip;<\/p>\n","protected":false},"author":2,"featured_media":334,"comment_status":"open","ping_status":"open","sticky":false,"template":"","format":"standard","meta":{"footnotes":""},"categories":[8],"tags":[],"class_list":["post-367","post","type-post","status-publish","format-standard","has-post-thumbnail","hentry","category-haberler-haberler"],"_links":{"self":[{"href":"https:\/\/www.ramazanbasak.com.tr\/index.php?rest_route=\/wp\/v2\/posts\/367","targetHints":{"allow":["GET"]}}],"collection":[{"href":"https:\/\/www.ramazanbasak.com.tr\/index.php?rest_route=\/wp\/v2\/posts"}],"about":[{"href":"https:\/\/www.ramazanbasak.com.tr\/index.php?rest_route=\/wp\/v2\/types\/post"}],"author":[{"embeddable":true,"href":"https:\/\/www.ramazanbasak.com.tr\/index.php?rest_route=\/wp\/v2\/users\/2"}],"replies":[{"embeddable":true,"href":"https:\/\/www.ramazanbasak.com.tr\/index.php?rest_route=%2Fwp%2Fv2%2Fcomments&post=367"}],"version-history":[{"count":0,"href":"https:\/\/www.ramazanbasak.com.tr\/index.php?rest_route=\/wp\/v2\/posts\/367\/revisions"}],"wp:featuredmedia":[{"embeddable":true,"href":"https:\/\/www.ramazanbasak.com.tr\/index.php?rest_route=\/wp\/v2\/media\/334"}],"wp:attachment":[{"href":"https:\/\/www.ramazanbasak.com.tr\/index.php?rest_route=%2Fwp%2Fv2%2Fmedia&parent=367"}],"wp:term":[{"taxonomy":"category","embeddable":true,"href":"https:\/\/www.ramazanbasak.com.tr\/index.php?rest_route=%2Fwp%2Fv2%2Fcategories&post=367"},{"taxonomy":"post_tag","embeddable":true,"href":"https:\/\/www.ramazanbasak.com.tr\/index.php?rest_route=%2Fwp%2Fv2%2Ftags&post=367"}],"curies":[{"name":"wp","href":"https:\/\/api.w.org\/{rel}","templated":true}]}}