{"id":369,"date":"2010-10-01T14:33:44","date_gmt":"2010-10-01T11:33:44","guid":{"rendered":"https:\/\/www.ramazanbasak.com.tr\/kurtce-egitim-olacak-mi"},"modified":"2010-10-01T14:33:44","modified_gmt":"2010-10-01T11:33:44","slug":"kurtce-egitim-olacak-mi","status":"publish","type":"post","link":"https:\/\/www.ramazanbasak.com.tr\/?p=369","title":{"rendered":"K\u00fcrt\u00e7e E\u011fitim Olacak M\u0131!"},"content":{"rendered":"<p><img loading=\"lazy\" decoding=\"async\" class=\" alignleft size-full wp-image-368\" align=\"left\" width=\"225\" height=\"180\" alt=\"\" src=\"https:\/\/www.ramazanbasak.com.tr\/wp-content\/uploads\/2010\/10\/ntv.bmp\" \/><\/p>\n<p><strong>NTV&#8217;de yay\u0131nlanan Do\u011frudan Siyaset program\u0131na kat\u0131lan Ak Parti Milletvekili Ramazan Ba\u015fak, g\u00fcndem konular\u0131n\u0131 tart\u0131\u015ft\u0131.  <!--more-->  <\/strong><\/p>\n<p>&nbsp;<\/p>\n<div>K\u00fcrtler kendi dillerinde e\u011fitim g\u00f6rebilmek i\u00e7in \u0131srarl\u0131lar, k\u00fcrt\u00e7e e\u011fitim olur mu olmaz m\u0131!<\/div>\n<div>Ak Parti Ramazan Ba\u015fak, stk ba\u015fkanlar\u0131 sanat\u00e7i ve yazarlar\u0131n kat\u0131ld\u0131 programda anadilde e\u011fiti tart\u0131\u015f\u0131ld\u0131.<br \/> &nbsp;<\/div>\n<p> NTV&rsquo;de yay\u0131nlanan \u00c7i\u011fdem Anad&rsquo;\u0131n haz\u0131rlay\u0131p sundu\u011fu &lsquo;DO\u011eRUDAN S\u0130YASET&rsquo; program\u0131na kat\u0131lanlar aras\u0131nda Ak Parti \u015eanl\u0131urfa Milletvekili Ramazan Ba\u015fak, K\u00fcrt\u00e7e \u015eark\u0131lar\u0131yla \u00fcn salm\u0131\u015f sanat\u00e7\u0131 Rojin, T\u00fcrk E\u011fitimsen Genel Ba\u015fkan\u0131 \u0130smail Koncuk, Yazar Muhsin K\u0131z\u0131lkaya, stratejik t\u00fcrksam \u00fcyesi dr. Can \u00dcnver, e\u011fitim sen genel ba\u015fkan\u0131 Z\u00fcbeyde K\u0131l\u0131\u00e7&rsquo;\u0131nda kat\u0131ld\u0131\u011f\u0131 programda g\u00fcndemle ilgili konular tart\u0131\u015f\u0131ld\u0131. &nbsp;<\/p>\n<p> Anadilde E\u011fitim, ba\u015f\u00f6rt\u00fcs\u00fc, ter\u00f6r ve okullarda K\u00fcrt\u00e7e e\u011fitim konular\u0131 hakk\u0131nda tart\u0131\u015fmalar\u0131n ya\u015fand\u0131\u011f\u0131 programda \u00e7\u00f6z\u00fcm noktalar\u0131 arand\u0131.<br \/> &nbsp;<\/p>\n","protected":false},"excerpt":{"rendered":"<p>NTV&#8217;de yay\u0131nlanan Do\u011frudan Siyaset program\u0131na kat\u0131lan Ak Parti Milletvekili Ramazan Ba\u015fak, g\u00fcndem konular\u0131n\u0131 tart\u0131\u015ft\u0131. &nbsp; K\u00fcrtler kendi dillerinde e\u011fitim g\u00f6rebilmek i\u00e7in \u0131srarl\u0131lar, k\u00fcrt\u00e7e e\u011fitim olur mu olmaz m\u0131! Ak Parti Ramazan Ba\u015fak, stk ba\u015fkanlar\u0131 sanat\u00e7i ve yazarlar\u0131n kat\u0131ld\u0131 programda anadilde e\u011fiti tart\u0131\u015f\u0131ld\u0131. &nbsp; NTV&rsquo;de yay\u0131nlanan \u00c7i\u011fdem Anad&rsquo;\u0131n haz\u0131rlay\u0131p sundu\u011fu &lsquo;DO\u011eRUDAN S\u0130YASET&rsquo; program\u0131na kat\u0131lanlar aras\u0131nda Ak &hellip;<\/p>\n","protected":false},"author":2,"featured_media":368,"comment_status":"open","ping_status":"open","sticky":false,"template":"","format":"standard","meta":{"footnotes":""},"categories":[8],"tags":[],"class_list":["post-369","post","type-post","status-publish","format-standard","has-post-thumbnail","hentry","category-haberler-haberler"],"_links":{"self":[{"href":"https:\/\/www.ramazanbasak.com.tr\/index.php?rest_route=\/wp\/v2\/posts\/369","targetHints":{"allow":["GET"]}}],"collection":[{"href":"https:\/\/www.ramazanbasak.com.tr\/index.php?rest_route=\/wp\/v2\/posts"}],"about":[{"href":"https:\/\/www.ramazanbasak.com.tr\/index.php?rest_route=\/wp\/v2\/types\/post"}],"author":[{"embeddable":true,"href":"https:\/\/www.ramazanbasak.com.tr\/index.php?rest_route=\/wp\/v2\/users\/2"}],"replies":[{"embeddable":true,"href":"https:\/\/www.ramazanbasak.com.tr\/index.php?rest_route=%2Fwp%2Fv2%2Fcomments&post=369"}],"version-history":[{"count":0,"href":"https:\/\/www.ramazanbasak.com.tr\/index.php?rest_route=\/wp\/v2\/posts\/369\/revisions"}],"wp:featuredmedia":[{"embeddable":true,"href":"https:\/\/www.ramazanbasak.com.tr\/index.php?rest_route=\/wp\/v2\/media\/368"}],"wp:attachment":[{"href":"https:\/\/www.ramazanbasak.com.tr\/index.php?rest_route=%2Fwp%2Fv2%2Fmedia&parent=369"}],"wp:term":[{"taxonomy":"category","embeddable":true,"href":"https:\/\/www.ramazanbasak.com.tr\/index.php?rest_route=%2Fwp%2Fv2%2Fcategories&post=369"},{"taxonomy":"post_tag","embeddable":true,"href":"https:\/\/www.ramazanbasak.com.tr\/index.php?rest_route=%2Fwp%2Fv2%2Ftags&post=369"}],"curies":[{"name":"wp","href":"https:\/\/api.w.org\/{rel}","templated":true}]}}