{"id":373,"date":"2010-10-12T13:25:45","date_gmt":"2010-10-12T10:25:45","guid":{"rendered":"https:\/\/www.ramazanbasak.com.tr\/basak-urfalilara-tesekkur-borcluyuz"},"modified":"2010-10-12T13:25:45","modified_gmt":"2010-10-12T10:25:45","slug":"basak-urfalilara-tesekkur-borcluyuz","status":"publish","type":"post","link":"https:\/\/www.ramazanbasak.com.tr\/?p=373","title":{"rendered":"BA\u015eAK: URFALILARA TE\u015eEKK\u00dcR BOR\u00c7LUYUZ"},"content":{"rendered":"<p><img loading=\"lazy\" decoding=\"async\" class=\" alignleft size-full wp-image-372\" align=\"left\" width=\"200\" height=\"138\" alt=\"\" src=\"https:\/\/www.ramazanbasak.com.tr\/wp-content\/uploads\/2010\/10\/urfallarateekkr.bmp\" \/><\/p>\n<p><strong>Ak Parti \u015eanl\u0131urfa Milletvekili Ramazan Ba\u015fak, Referandum se\u00e7imleri sonras\u0131 \u015eanl\u0131urfal\u0131 esnaf\u0131na ve halk\u0131na desteklerinden dolay\u0131 bor\u00e7lu olduklar\u0131n\u0131 s\u00f6yledi. <!--more-->  <\/strong><\/p>\n<div>Ak Parti \u015eanl\u0131urfa Milletvekili Ramazan Ba\u015fak, Referandum se\u00e7imleri sonras\u0131 \u015eanl\u0131urfal\u0131 esnaf\u0131na ve halk\u0131na desteklerinden dolay\u0131 bor\u00e7lu olduklar\u0131n\u0131 s\u00f6yledi.<\/div>\n<div>&nbsp;<\/div>\n<div>\u00d6nceki ak\u015fam memleketi \u015eanl\u0131urfa&rsquo;ya gelen Ak Parti \u015eanl\u0131urfa Milletvekili Ramazan Ba\u015fak, akarsu caddesi ve bal\u0131kl\u0131g\u00f6l \u00e7evresinde bulunan esnafla bir araya gelerek sorunlar\u0131n\u0131 dinledi. \u015eanl\u0131urfa&rsquo;ya her y\u0131l ak\u0131n ak\u0131n gelen yerli ve yabanc\u0131 turistlerle, tarihi Bal\u0131kl\u0131g\u00f6l \u00e7ar\u015f\u0131s\u0131nda kar\u015f\u0131la\u015fan Milletvekili Ba\u015fak kendisini onlara tan\u0131tarak sohbet etme imkan\u0131 buldu.<\/div>\n<p> &nbsp;<\/p>\n<div>&nbsp;Ak Parti \u015eanl\u0131urfa Milletvekili Ramazan Ba\u015fak,&rsquo;12 Eyl\u00fcl referandum se\u00e7imlerine %95 gibi bir y\u00fcksek derecede evet oyu deste\u011finden T\u00fcrkiye&rsquo;de bir devrim ger\u00e7ekle\u015fmi\u015ftir ve bu devrimde en \u00e7ok pay\u0131 olan, memleketimiz \u015eanl\u0131urfa ilk s\u0131ralarda yer ald\u0131\u011f\u0131n\u0131 belirterek \u015eanl\u0131urfal\u0131 hem\u015ferilerime ve esnaf\u0131m\u0131za can\u0131 g\u00f6n\u00fclden te\u015fekk\u00fcr ediyorum.&rsquo; dedi.<\/div>\n<p> &nbsp;<\/p>\n<div>Esnaf gezilerini tamamlad\u0131ktan sonra bir dizi taziye ziyaretlerinde bulunarak ba\u015fsa\u011fl\u0131\u011f\u0131 dileklerinde bulundu.<\/div>\n","protected":false},"excerpt":{"rendered":"<p>Ak Parti \u015eanl\u0131urfa Milletvekili Ramazan Ba\u015fak, Referandum se\u00e7imleri sonras\u0131 \u015eanl\u0131urfal\u0131 esnaf\u0131na ve halk\u0131na desteklerinden dolay\u0131 bor\u00e7lu olduklar\u0131n\u0131 s\u00f6yledi. Ak Parti \u015eanl\u0131urfa Milletvekili Ramazan Ba\u015fak, Referandum se\u00e7imleri sonras\u0131 \u015eanl\u0131urfal\u0131 esnaf\u0131na ve halk\u0131na desteklerinden dolay\u0131 bor\u00e7lu olduklar\u0131n\u0131 s\u00f6yledi. &nbsp; \u00d6nceki ak\u015fam memleketi \u015eanl\u0131urfa&rsquo;ya gelen Ak Parti \u015eanl\u0131urfa Milletvekili Ramazan Ba\u015fak, akarsu caddesi ve bal\u0131kl\u0131g\u00f6l \u00e7evresinde bulunan esnafla &hellip;<\/p>\n","protected":false},"author":2,"featured_media":372,"comment_status":"open","ping_status":"open","sticky":false,"template":"","format":"standard","meta":{"footnotes":""},"categories":[8],"tags":[],"class_list":["post-373","post","type-post","status-publish","format-standard","has-post-thumbnail","hentry","category-haberler-haberler"],"_links":{"self":[{"href":"https:\/\/www.ramazanbasak.com.tr\/index.php?rest_route=\/wp\/v2\/posts\/373","targetHints":{"allow":["GET"]}}],"collection":[{"href":"https:\/\/www.ramazanbasak.com.tr\/index.php?rest_route=\/wp\/v2\/posts"}],"about":[{"href":"https:\/\/www.ramazanbasak.com.tr\/index.php?rest_route=\/wp\/v2\/types\/post"}],"author":[{"embeddable":true,"href":"https:\/\/www.ramazanbasak.com.tr\/index.php?rest_route=\/wp\/v2\/users\/2"}],"replies":[{"embeddable":true,"href":"https:\/\/www.ramazanbasak.com.tr\/index.php?rest_route=%2Fwp%2Fv2%2Fcomments&post=373"}],"version-history":[{"count":0,"href":"https:\/\/www.ramazanbasak.com.tr\/index.php?rest_route=\/wp\/v2\/posts\/373\/revisions"}],"wp:featuredmedia":[{"embeddable":true,"href":"https:\/\/www.ramazanbasak.com.tr\/index.php?rest_route=\/wp\/v2\/media\/372"}],"wp:attachment":[{"href":"https:\/\/www.ramazanbasak.com.tr\/index.php?rest_route=%2Fwp%2Fv2%2Fmedia&parent=373"}],"wp:term":[{"taxonomy":"category","embeddable":true,"href":"https:\/\/www.ramazanbasak.com.tr\/index.php?rest_route=%2Fwp%2Fv2%2Fcategories&post=373"},{"taxonomy":"post_tag","embeddable":true,"href":"https:\/\/www.ramazanbasak.com.tr\/index.php?rest_route=%2Fwp%2Fv2%2Ftags&post=373"}],"curies":[{"name":"wp","href":"https:\/\/api.w.org\/{rel}","templated":true}]}}