{"id":375,"date":"2010-10-12T13:31:03","date_gmt":"2010-10-12T10:31:03","guid":{"rendered":"https:\/\/www.ramazanbasak.com.tr\/basak-teror-sorunu-cozulecek"},"modified":"2010-10-12T13:31:03","modified_gmt":"2010-10-12T10:31:03","slug":"basak-teror-sorunu-cozulecek","status":"publish","type":"post","link":"https:\/\/www.ramazanbasak.com.tr\/?p=375","title":{"rendered":"BA\u015eAK: TER\u00d6R SORUNU \u00c7\u00d6Z\u00dcLECEK"},"content":{"rendered":"<p><img loading=\"lazy\" decoding=\"async\" class=\" alignleft size-full wp-image-374\" align=\"left\" width=\"200\" height=\"138\" alt=\"\" src=\"https:\/\/www.ramazanbasak.com.tr\/wp-content\/uploads\/2010\/10\/bugntv.bmp\" \/><\/p>\n<p><strong>Bug\u00fcn TV ekranlar\u0131na \u00e7\u0131kan Ak Parti \u015eanl\u0131urfa milletvekili Ramazan Ba\u015fak \u00fclke i\u00e7inde ya\u015fanan ter\u00f6r &#8216;Sorunlar\u0131n\u0131 \u00e7\u00f6zece\u011fiz.&#8217; dedi.  <!--more-->  <\/strong><\/p>\n<p><strong>Ak Parti \u015eanl\u0131urfa Milletvekili Ramazan Ba\u015fak kat\u0131lm\u0131\u015f oldu\u011fu TV program\u0131nda \u00fclkede ya\u015fanan ter\u00f6r konusunda \u00f6nemli a\u00e7\u0131klamalarda bulunarak &#8216;Sorunlar\u0131 \u00e7\u00f6zece\u011fiz.&#8217; dedi. <\/strong><\/p>\n<div>&nbsp;<\/div>\n<div>Ak Parti \u015eanl\u0131urfa Milletvekili Ramazan Ba\u015fak Bug\u00fcn TV&rsquo;ye ge\u00e7ti\u011fimiz g\u00fcnlerde ak\u015fam saatlerinde kat\u0131larak \u00fclke i\u00e7inde ya\u015fanan ter\u00f6r olaylar\u0131yla ilgili konu\u015farak, &lsquo;siyasi partiler insanlar gibi samimi hareket ederlerse, bu memleketteki sorunlar \u00e7ok daha kolay s\u00fcr\u00fclecek. Sadece bununla de\u011fil Say\u0131n Ba\u015fbakan\u0131m\u0131z\u0131n a\u00e7\u0131klamalar\u0131 ge\u00e7mi\u015fte de ortaya \u00e7\u0131kan sorunlar\u0131n \u00e7\u00f6z\u00fcm\u00fc i\u00e7inde ayn\u0131 \u00e7izgide olmu\u015flard\u0131r. Yeterki bilgi istesinler, yeterli bu parlamentonun \u00e7at\u0131s\u0131 alt\u0131nda yap\u0131lan bilgilendirmeler, toplant\u0131lar\u0131n\u0131 orada yap\u0131lan tart\u0131\u015fmalar\u0131 orada yap\u0131lan m\u00fczakereleri bir siyasi malzeme yapmas\u0131nlar. Samimiyetin alt\u0131n\u0131 \u00e7izmemdeki en b\u00fcy\u00fck sebep bu.bu \u00fclke hepimizin bug\u00fcn parlemento \u00e7at\u0131s\u0131 alt\u0131nda g\u00f6rev yapan bu \u00fclkenin birlik beraberli\u011fi i\u00e7in en asli vazifesi olan bu \u00fclkede ya\u015fanan t\u00fcm sorunlar\u0131n \u00e7\u00f6z\u00fcm\u00fc i\u00e7in g\u00f6rev, yetki ve sorumluluk alm\u0131\u015f olan bu milletvekillerinin tabi\u00ee ki iktidardan, h\u00fck\u00fcmetten bilgi al\u0131p neler olup olmad\u0131\u011f\u0131n\u0131 bilmeleri kadar do\u011fal bir \u015fey yok. Diye konu\u015ftu.&rsquo;<\/div>\n","protected":false},"excerpt":{"rendered":"<p>Bug\u00fcn TV ekranlar\u0131na \u00e7\u0131kan Ak Parti \u015eanl\u0131urfa milletvekili Ramazan Ba\u015fak \u00fclke i\u00e7inde ya\u015fanan ter\u00f6r &#8216;Sorunlar\u0131n\u0131 \u00e7\u00f6zece\u011fiz.&#8217; dedi. Ak Parti \u015eanl\u0131urfa Milletvekili Ramazan Ba\u015fak kat\u0131lm\u0131\u015f oldu\u011fu TV program\u0131nda \u00fclkede ya\u015fanan ter\u00f6r konusunda \u00f6nemli a\u00e7\u0131klamalarda bulunarak &#8216;Sorunlar\u0131 \u00e7\u00f6zece\u011fiz.&#8217; dedi. &nbsp; Ak Parti \u015eanl\u0131urfa Milletvekili Ramazan Ba\u015fak Bug\u00fcn TV&rsquo;ye ge\u00e7ti\u011fimiz g\u00fcnlerde ak\u015fam saatlerinde kat\u0131larak \u00fclke i\u00e7inde ya\u015fanan ter\u00f6r &hellip;<\/p>\n","protected":false},"author":2,"featured_media":374,"comment_status":"open","ping_status":"open","sticky":false,"template":"","format":"standard","meta":{"footnotes":""},"categories":[8],"tags":[],"class_list":["post-375","post","type-post","status-publish","format-standard","has-post-thumbnail","hentry","category-haberler-haberler"],"_links":{"self":[{"href":"https:\/\/www.ramazanbasak.com.tr\/index.php?rest_route=\/wp\/v2\/posts\/375","targetHints":{"allow":["GET"]}}],"collection":[{"href":"https:\/\/www.ramazanbasak.com.tr\/index.php?rest_route=\/wp\/v2\/posts"}],"about":[{"href":"https:\/\/www.ramazanbasak.com.tr\/index.php?rest_route=\/wp\/v2\/types\/post"}],"author":[{"embeddable":true,"href":"https:\/\/www.ramazanbasak.com.tr\/index.php?rest_route=\/wp\/v2\/users\/2"}],"replies":[{"embeddable":true,"href":"https:\/\/www.ramazanbasak.com.tr\/index.php?rest_route=%2Fwp%2Fv2%2Fcomments&post=375"}],"version-history":[{"count":0,"href":"https:\/\/www.ramazanbasak.com.tr\/index.php?rest_route=\/wp\/v2\/posts\/375\/revisions"}],"wp:featuredmedia":[{"embeddable":true,"href":"https:\/\/www.ramazanbasak.com.tr\/index.php?rest_route=\/wp\/v2\/media\/374"}],"wp:attachment":[{"href":"https:\/\/www.ramazanbasak.com.tr\/index.php?rest_route=%2Fwp%2Fv2%2Fmedia&parent=375"}],"wp:term":[{"taxonomy":"category","embeddable":true,"href":"https:\/\/www.ramazanbasak.com.tr\/index.php?rest_route=%2Fwp%2Fv2%2Fcategories&post=375"},{"taxonomy":"post_tag","embeddable":true,"href":"https:\/\/www.ramazanbasak.com.tr\/index.php?rest_route=%2Fwp%2Fv2%2Ftags&post=375"}],"curies":[{"name":"wp","href":"https:\/\/api.w.org\/{rel}","templated":true}]}}