{"id":385,"date":"2010-10-15T10:41:43","date_gmt":"2010-10-15T07:41:43","guid":{"rendered":"https:\/\/www.ramazanbasak.com.tr\/suruc-hakketigine-kavusuyor"},"modified":"2010-10-15T10:41:43","modified_gmt":"2010-10-15T07:41:43","slug":"suruc-hakketigine-kavusuyor","status":"publish","type":"post","link":"https:\/\/www.ramazanbasak.com.tr\/?p=385","title":{"rendered":"Suru\u00e7 Hakketi\u011fine Kavu\u015fuyor"},"content":{"rendered":"<p><img loading=\"lazy\" decoding=\"async\" class=\" alignleft size-full wp-image-384\" align=\"left\" width=\"200\" height=\"138\" alt=\"\" src=\"https:\/\/www.ramazanbasak.com.tr\/wp-content\/uploads\/2010\/10\/suru-11nisanyolu.bmp\" \/><strong>Suru\u00e7 ve 11 Nisan beldesi aras\u0131ndaki yol bitmek \u00fczere \u00e7al\u0131\u015fmalar\u0131 inceleyen Ak Parti \u015eanl\u0131urfa Milletvekili Ramazan Ba\u015fak,&#8217;Suru\u00e7 halk\u0131 hakketi\u011fi projelere kavu\u015fuyor.&#8217; <!--more-->  <\/strong><\/p>\n<p>&nbsp;<\/p>\n<div>Suru\u00e7- 11 nisan beldesi aras\u0131ndaki tek y\u00f6nl\u00fc karayolunun \u00e7ift y\u00f6nl\u00fc gidi\u015f ve geli\u015f, trafi\u011fin kolayla\u015ft\u0131r\u0131lmas\u0131 konusunda karayolunun bitimine \u00e7ok az bir s\u00fcre kala Ba\u015fak \u00e7al\u0131\u015fma sahas\u0131na inerek denetlemelerde bulundu.<\/div>\n<div>&nbsp;<\/div>\n<div>Ak Parti \u015eanl\u0131urfa Milletvekili Ramazan Ba\u015fak ve onlarca Suru\u00e7 halk\u0131yla birlikte, \u00e7al\u0131\u015fmalar\u0131n yap\u0131ld\u0131\u011f\u0131 alan\u0131 inceleyerek \u00e7al\u0131\u015fanlarla birlikte sohbet edip yolun ne zaman bitirilece\u011fi konusunda bilgiler edindiler.<\/div>\n<div>&nbsp;<\/div>\n<div>Ak Parti \u015eanl\u0131urfa Milletvekili Ramazan Ba\u015fak, &lsquo;Ak Parti h\u00fck\u00fcmetinin en b\u00fcy\u00fck icraatlar\u0131ndan biri duble yollar ve gerek il\u00e7eler aras\u0131 gerekse iller aras\u0131 yollar\u0131n Avrupa standartlar\u0131nda olmas\u0131 \u00e7aba sarf ediyoruz. Gece g\u00fcnd\u00fcz burada makineler, \u015fuan Avrupa standartlar\u0131na uygun yollar yap\u0131yoruz.&rsquo; dedi.<\/div>\n","protected":false},"excerpt":{"rendered":"<p>Suru\u00e7 ve 11 Nisan beldesi aras\u0131ndaki yol bitmek \u00fczere \u00e7al\u0131\u015fmalar\u0131 inceleyen Ak Parti \u015eanl\u0131urfa Milletvekili Ramazan Ba\u015fak,&#8217;Suru\u00e7 halk\u0131 hakketi\u011fi projelere kavu\u015fuyor.&#8217; &nbsp; Suru\u00e7- 11 nisan beldesi aras\u0131ndaki tek y\u00f6nl\u00fc karayolunun \u00e7ift y\u00f6nl\u00fc gidi\u015f ve geli\u015f, trafi\u011fin kolayla\u015ft\u0131r\u0131lmas\u0131 konusunda karayolunun bitimine \u00e7ok az bir s\u00fcre kala Ba\u015fak \u00e7al\u0131\u015fma sahas\u0131na inerek denetlemelerde bulundu. &nbsp; Ak Parti \u015eanl\u0131urfa &hellip;<\/p>\n","protected":false},"author":2,"featured_media":384,"comment_status":"open","ping_status":"open","sticky":false,"template":"","format":"standard","meta":{"footnotes":""},"categories":[8],"tags":[],"class_list":["post-385","post","type-post","status-publish","format-standard","has-post-thumbnail","hentry","category-haberler-haberler"],"_links":{"self":[{"href":"https:\/\/www.ramazanbasak.com.tr\/index.php?rest_route=\/wp\/v2\/posts\/385","targetHints":{"allow":["GET"]}}],"collection":[{"href":"https:\/\/www.ramazanbasak.com.tr\/index.php?rest_route=\/wp\/v2\/posts"}],"about":[{"href":"https:\/\/www.ramazanbasak.com.tr\/index.php?rest_route=\/wp\/v2\/types\/post"}],"author":[{"embeddable":true,"href":"https:\/\/www.ramazanbasak.com.tr\/index.php?rest_route=\/wp\/v2\/users\/2"}],"replies":[{"embeddable":true,"href":"https:\/\/www.ramazanbasak.com.tr\/index.php?rest_route=%2Fwp%2Fv2%2Fcomments&post=385"}],"version-history":[{"count":0,"href":"https:\/\/www.ramazanbasak.com.tr\/index.php?rest_route=\/wp\/v2\/posts\/385\/revisions"}],"wp:featuredmedia":[{"embeddable":true,"href":"https:\/\/www.ramazanbasak.com.tr\/index.php?rest_route=\/wp\/v2\/media\/384"}],"wp:attachment":[{"href":"https:\/\/www.ramazanbasak.com.tr\/index.php?rest_route=%2Fwp%2Fv2%2Fmedia&parent=385"}],"wp:term":[{"taxonomy":"category","embeddable":true,"href":"https:\/\/www.ramazanbasak.com.tr\/index.php?rest_route=%2Fwp%2Fv2%2Fcategories&post=385"},{"taxonomy":"post_tag","embeddable":true,"href":"https:\/\/www.ramazanbasak.com.tr\/index.php?rest_route=%2Fwp%2Fv2%2Ftags&post=385"}],"curies":[{"name":"wp","href":"https:\/\/api.w.org\/{rel}","templated":true}]}}