{"id":391,"date":"2010-11-01T08:53:22","date_gmt":"2010-11-01T05:53:22","guid":{"rendered":"https:\/\/www.ramazanbasak.com.tr\/basak-turkiye-ye-seslendi"},"modified":"2010-11-01T08:53:22","modified_gmt":"2010-11-01T05:53:22","slug":"basak-turkiye-ye-seslendi","status":"publish","type":"post","link":"https:\/\/www.ramazanbasak.com.tr\/?p=391","title":{"rendered":"Ba\u015fak T\u00fcrkiye&#8217; ye Seslendi."},"content":{"rendered":"<p><img loading=\"lazy\" decoding=\"async\" class=\" alignleft size-full wp-image-390\" alt=\"\" align=\"left\" width=\"200\" height=\"150\" src=\"https:\/\/www.ramazanbasak.com.tr\/wp-content\/uploads\/2010\/11\/tbmm2010kasmkonuma.bmp\" \/><\/p>\n<p><strong>Ak Parti \u015eanl\u0131urfa Milletvekili Ramazan Ba\u015fak TRT3 TBMM TV&#8217; de \u00f6nemli a\u00e7\u0131klamalarda bulunarak GAP&rsquo;\u0131n bitmesiyle \u015eanl\u0131urfa&rsquo;n\u0131n kalk\u0131naca\u011f\u0131n\u0131 belirtti.  <!--more-->  <\/strong><\/p>\n<p>&nbsp;<\/p>\n<div><span style=\"color: #313131; font-size: 10pt\"> <\/p>\n<div><span style=\"color: #313131; font-size: 10pt\">Ak Parti \u015eanl\u0131urfa Milletvekili Ramazan Ba\u015fak TRT3 TBMM TV&#8217; de \u00f6nemli a\u00e7\u0131klamalarda bulunarak GAP&rsquo;\u0131n bitmesiyle \u015eanl\u0131urfa&rsquo;n\u0131n kalk\u0131naca\u011f\u0131n\u0131 belirtti.<\/span><\/div>\n<p> <\/span><\/div>\n<div><span style=\"color: #313131; font-size: 10pt\">Milletvekili Ba\u015fak, bug\u00fcn TBMM de genel kurul \u00e7al\u0131\u015fmalar\u0131yla ilgili, k\u00fcrs\u00fcye \u00e7\u0131karak GAP ve \u015eanl\u0131urfa projelerinin&nbsp;son durumlar\u0131yla ilgili&nbsp;bilgi verdi. GAP&rsquo;la ilgili kendisine y\u00f6neltilen sorular hakk\u0131nda a\u00e7\u0131klamalarda bulunan Ba\u015fak, &lsquo;GAP&rsquo;\u0131n bitmesi T\u00fcrkiye i\u00e7in \u015eanl\u0131urfa i\u00e7in \u00e7ok \u00f6nemlidir&rsquo; diye vurgulad\u0131.<\/span><\/div>\n<div>&nbsp;<\/div>\n<div>&nbsp;<span style=\"font-size: 10pt\">Ak Parti \u015eanl\u0131urfa Milletvekili Ramazan Ba\u015fak &lsquo;&rsquo;T\u00fcrkiye Cumhuriyeti Devletini, yetmi\u015f iki milyon insan\u0131, Almanya&rsquo;dan tutun Rusya&rsquo;ya, Amerika&rsquo;dan tutunda S\u0131rbistan&rsquo;a kadar d\u00fcnyan\u0131n bir taraf\u0131nda itibarl\u0131 bir konuma getiren ve d\u00fcnyada g\u00fcndemi belirlenen de\u011fil, g\u00fcnden belirleyen bir T\u00fcrkiye haline getiren Ba\u015fbakan&rsquo;a yetmi\u015f iki milyon insan ve kendi \u015fahs\u0131m ad\u0131na te\u015fekk\u00fcr ediyorum. Do\u011fu ve g\u00fcneydo\u011fu Anadolu projesinin geldi\u011fi nokta hakk\u0131nda bilgiler aktard\u0131.<\/span><\/div>\n<p> <b><span style=\"font-size: 10pt\">\u015eANLIURFA GAP&rsquo;LA KALKINACAK.<\/span><\/b><\/p>\n<p> <span style=\"font-size: 10pt\">&#8216;\u0130ktidar\u0131m\u0131z \u00f6ncesindeki siyasi partiler, siyasi iktidarlar GAP&rsquo;\u0131 on y\u0131l \u00f6nce bitirselerdi, bu \u00fclkede nelerin oldu\u011funu \u015f\u00f6yle g\u00f6zlerimizin \u00f6n\u00fcne getirip hat\u0131rlayal\u0131m. 2009 itibariyle 9 tane hidroelektrik santrali faaliyete girmi\u015ftir.&#8217; diye konu\u015fan ba\u015fak GAP&rsquo;la Urfa&rsquo;n\u0131n kalk\u0131naca\u011f\u0131n\u0131 s\u00f6yledi.&nbsp;<\/span><\/p>\n<p> <b><span style=\"font-size: 10pt\">15 YIL \u00d6NCE B\u0130TSEYD\u0130 \u00d6\u011eRENC\u0130LER\u0130M\u0130Z\u0130N BURSLARI 2 KATI OLURDU.<\/span><\/b><\/p>\n<p> <span style=\"font-size: 10pt\">GAP&rsquo;\u0131 buraya kadar getirmemizde harcanan para yirmi milyar dolar, harcad\u0131\u011f\u0131m\u0131zdan fazlas\u0131n\u0131 GAP bu \u00fclke i\u00e7in harcam\u0131\u015f. On be\u015f y\u0131l \u00f6nce GAP projesi bitseydi, \u015fuanki i\u015f\u00e7ilerimiz emeklilerimiz gen\u00e7 karde\u015flerimiz \u00fcniversite \u00f6\u011frenci karde\u015flerimizin ald\u0131\u011f\u0131 burslara kadar belki 2 misline \u00e7\u0131kacakt\u0131. <\/span><\/p>\n<p> <b><span style=\"font-size: 10pt\">GAP B\u00d6LGEDEK\u0130 \u0130\u015eS\u0130ZL\u0130\u011e\u0130 B\u0130T\u0130RECEK.<\/span><\/b><\/p>\n<p> <span style=\"font-size: 10pt\">\u015eanl\u0131urfa&rsquo;da yap\u0131lan GAP projesi o b\u00f6lgede i\u015fsizli\u011fi bitirecek, insanlar\u0131n kendi evlerinde insanca ya\u015fama olanaklar\u0131 bulacaklar\u0131 Sinop&rsquo;a Yozgat&rsquo;a Samsun&rsquo;a mevsimlik i\u015f\u00e7i olmaktan GAP&rsquo;\u0131n gelmesiyle kurtulacaklar. <\/span><\/p>\n<p> <span style=\"font-size: 10pt\">\u0130ktidar\u0131m\u0131z \u00f6ncesinde y\u00fczde on d\u00f6rt sulama projelerinde ger\u00e7ekle\u015fme oran\u0131 var. \u015euanda \u015eanl\u0131urfa&rsquo;da, Bozova&rsquo;da, Ceylanp\u0131nar&rsquo;da, Suru\u00e7&rsquo;ta, Hilvan&rsquo;da, \u015eanl\u0131urfa&rsquo;dan tutunda Mardin&rsquo;e kadar, do\u011fu ve g\u00fcneydo\u011fu Anadolu projesini b\u00fcnyesinde bar\u0131nd\u0131ran dokuz tane ilde makineler \u00e7al\u0131\u015f\u0131yor. Gece g\u00fcnd\u00fcz teknik elemanlar \u00e7al\u0131\u015f\u0131yor. Ve 2012 periyoduna kadar bu projenin bitip 3.8 milyon insana i\u015f ve a\u015f olana\u011f\u0131 sa\u011flay\u0131p iki y\u0131lda bir bu \u00fclkeye bir GAP hediye etmek i\u00e7in gece g\u00fcnd\u00fcz iktidar\u0131m\u0131z \u00e7al\u0131\u015f\u0131yor.<\/span><\/p>\n","protected":false},"excerpt":{"rendered":"<p>Ak Parti \u015eanl\u0131urfa Milletvekili Ramazan Ba\u015fak TRT3 TBMM TV&#8217; de \u00f6nemli a\u00e7\u0131klamalarda bulunarak GAP&rsquo;\u0131n bitmesiyle \u015eanl\u0131urfa&rsquo;n\u0131n kalk\u0131naca\u011f\u0131n\u0131 belirtti. &nbsp; Ak Parti \u015eanl\u0131urfa Milletvekili Ramazan Ba\u015fak TRT3 TBMM TV&#8217; de \u00f6nemli a\u00e7\u0131klamalarda bulunarak GAP&rsquo;\u0131n bitmesiyle \u015eanl\u0131urfa&rsquo;n\u0131n kalk\u0131naca\u011f\u0131n\u0131 belirtti. Milletvekili Ba\u015fak, bug\u00fcn TBMM de genel kurul \u00e7al\u0131\u015fmalar\u0131yla ilgili, k\u00fcrs\u00fcye \u00e7\u0131karak GAP ve \u015eanl\u0131urfa projelerinin&nbsp;son durumlar\u0131yla ilgili&nbsp;bilgi verdi. &hellip;<\/p>\n","protected":false},"author":2,"featured_media":390,"comment_status":"open","ping_status":"open","sticky":false,"template":"","format":"standard","meta":{"footnotes":""},"categories":[8],"tags":[],"class_list":["post-391","post","type-post","status-publish","format-standard","has-post-thumbnail","hentry","category-haberler-haberler"],"_links":{"self":[{"href":"https:\/\/www.ramazanbasak.com.tr\/index.php?rest_route=\/wp\/v2\/posts\/391","targetHints":{"allow":["GET"]}}],"collection":[{"href":"https:\/\/www.ramazanbasak.com.tr\/index.php?rest_route=\/wp\/v2\/posts"}],"about":[{"href":"https:\/\/www.ramazanbasak.com.tr\/index.php?rest_route=\/wp\/v2\/types\/post"}],"author":[{"embeddable":true,"href":"https:\/\/www.ramazanbasak.com.tr\/index.php?rest_route=\/wp\/v2\/users\/2"}],"replies":[{"embeddable":true,"href":"https:\/\/www.ramazanbasak.com.tr\/index.php?rest_route=%2Fwp%2Fv2%2Fcomments&post=391"}],"version-history":[{"count":0,"href":"https:\/\/www.ramazanbasak.com.tr\/index.php?rest_route=\/wp\/v2\/posts\/391\/revisions"}],"wp:featuredmedia":[{"embeddable":true,"href":"https:\/\/www.ramazanbasak.com.tr\/index.php?rest_route=\/wp\/v2\/media\/390"}],"wp:attachment":[{"href":"https:\/\/www.ramazanbasak.com.tr\/index.php?rest_route=%2Fwp%2Fv2%2Fmedia&parent=391"}],"wp:term":[{"taxonomy":"category","embeddable":true,"href":"https:\/\/www.ramazanbasak.com.tr\/index.php?rest_route=%2Fwp%2Fv2%2Fcategories&post=391"},{"taxonomy":"post_tag","embeddable":true,"href":"https:\/\/www.ramazanbasak.com.tr\/index.php?rest_route=%2Fwp%2Fv2%2Ftags&post=391"}],"curies":[{"name":"wp","href":"https:\/\/api.w.org\/{rel}","templated":true}]}}