{"id":393,"date":"2010-11-01T10:52:21","date_gmt":"2010-11-01T07:52:21","guid":{"rendered":"https:\/\/www.ramazanbasak.com.tr\/basak-koy-muhtarlariyla"},"modified":"2010-11-01T10:52:21","modified_gmt":"2010-11-01T07:52:21","slug":"basak-koy-muhtarlariyla","status":"publish","type":"post","link":"https:\/\/www.ramazanbasak.com.tr\/?p=393","title":{"rendered":"Ba\u015fak K\u00f6y Muhtarlar\u0131yla"},"content":{"rendered":"<p><img loading=\"lazy\" decoding=\"async\" class=\" alignleft size-full wp-image-392\" align=\"left\" width=\"200\" height=\"138\" alt=\"\" src=\"https:\/\/www.ramazanbasak.com.tr\/wp-content\/uploads\/2010\/11\/kymuhtarlarkasm2010.bmp\" \/><\/p>\n<p><strong>Ak Parti \u015eanl\u0131urfa Milletvekili Ramazan Ba\u015fak, pazar g\u00fcn\u00fc gelecek olan Ba\u015fbakan Erdo\u011fan&#8217;\u0131n mitingi i\u00e7in k\u00f6y muhtarlar\u0131n\u0131 ziyaret etti <!--more-->  <\/strong><\/p>\n<p>&nbsp;<\/p>\n<div>\n<div>Ak Parti \u015eanl\u0131urfa Milletvekili Ramazan Ba\u015fak referandum oylama sonras\u0131 Akziyaret Nahiyesine &nbsp;giderek k\u00f6y halk\u0131na te\u015fekk\u00fcr ederek, hafta sonu \u015eanl\u0131urfa&rsquo;ya gelecek olan Ba\u015fbakan&nbsp;Recep Tayyip Erdo\u011fan&rsquo;\u0131n mitingine davet \u00e7a\u011fr\u0131s\u0131nda bulundu.<\/div>\n<div>&nbsp;<\/div>\n<div>Merkeze ba\u011fl\u0131 Akziyaret&nbsp;nahiyesine &nbsp;giden Ak Parti \u015eanl\u0131urfa Milletvekili Ramazan Ba\u015fak Akziyaret ve \u00e7evre k\u00f6y muhtarlar\u0131 ve k\u00f6y sakinleriyle beraber olarak sohbet etme imkan\u0131 buldu. Milletvekili Ba\u015fak, Referandum se\u00e7imlerinde&nbsp;y\u00fcksek oy oran\u0131yla iyi bir derece elde eden Akziyaret k\u00f6y\u00fc halk\u0131na te\u015fekk\u00fcr etti. Ba\u015fak, Akziyaret &nbsp;ve \u00e7evresindeki k\u00f6ylere yap\u0131lan su, yol, altyap\u0131 ve elektrik gibi sorunlar\u0131 olan k\u00f6yl\u00fclerin, \u00e7al\u0131\u015fmalar\u0131 devam etti\u011fini su ve yol sorunlar\u0131n\u0131n bitti\u011fi ve di\u011fer altyap\u0131 ve elektrik sorunlar\u0131n\u0131n da giderilece\u011fini belirtti.<\/div>\n<div>&nbsp;<\/div>\n<div>Akziyaret k\u00f6y\u00fc muhtar\u0131 Ahmet Yetimo\u011flu, Ak Parti \u015eanl\u0131urfa Milletvekili Ramazan Ba\u015fak&rsquo;a kendilerine yapm\u0131\u015f oldu\u011fu ziyaretten dolay\u0131 te\u015fekk\u00fcr ederek &rsquo;Pazar g\u00fcn\u00fc b\u00f6lgemizdeki t\u00fcm muhtarlarla Ba\u015fbakan\u0131m\u0131z\u0131 en iyi \u015fekilde a\u011f\u0131rlayaca\u011f\u0131z&rsquo;dedi<\/div>\n<\/p><\/div>\n","protected":false},"excerpt":{"rendered":"<p>Ak Parti \u015eanl\u0131urfa Milletvekili Ramazan Ba\u015fak, pazar g\u00fcn\u00fc gelecek olan Ba\u015fbakan Erdo\u011fan&#8217;\u0131n mitingi i\u00e7in k\u00f6y muhtarlar\u0131n\u0131 ziyaret etti &nbsp; Ak Parti \u015eanl\u0131urfa Milletvekili Ramazan Ba\u015fak referandum oylama sonras\u0131 Akziyaret Nahiyesine &nbsp;giderek k\u00f6y halk\u0131na te\u015fekk\u00fcr ederek, hafta sonu \u015eanl\u0131urfa&rsquo;ya gelecek olan Ba\u015fbakan&nbsp;Recep Tayyip Erdo\u011fan&rsquo;\u0131n mitingine davet \u00e7a\u011fr\u0131s\u0131nda bulundu. &nbsp; Merkeze ba\u011fl\u0131 Akziyaret&nbsp;nahiyesine &nbsp;giden Ak Parti \u015eanl\u0131urfa &hellip;<\/p>\n","protected":false},"author":2,"featured_media":392,"comment_status":"open","ping_status":"open","sticky":false,"template":"","format":"standard","meta":{"footnotes":""},"categories":[8],"tags":[],"class_list":["post-393","post","type-post","status-publish","format-standard","has-post-thumbnail","hentry","category-haberler-haberler"],"_links":{"self":[{"href":"https:\/\/www.ramazanbasak.com.tr\/index.php?rest_route=\/wp\/v2\/posts\/393","targetHints":{"allow":["GET"]}}],"collection":[{"href":"https:\/\/www.ramazanbasak.com.tr\/index.php?rest_route=\/wp\/v2\/posts"}],"about":[{"href":"https:\/\/www.ramazanbasak.com.tr\/index.php?rest_route=\/wp\/v2\/types\/post"}],"author":[{"embeddable":true,"href":"https:\/\/www.ramazanbasak.com.tr\/index.php?rest_route=\/wp\/v2\/users\/2"}],"replies":[{"embeddable":true,"href":"https:\/\/www.ramazanbasak.com.tr\/index.php?rest_route=%2Fwp%2Fv2%2Fcomments&post=393"}],"version-history":[{"count":0,"href":"https:\/\/www.ramazanbasak.com.tr\/index.php?rest_route=\/wp\/v2\/posts\/393\/revisions"}],"wp:featuredmedia":[{"embeddable":true,"href":"https:\/\/www.ramazanbasak.com.tr\/index.php?rest_route=\/wp\/v2\/media\/392"}],"wp:attachment":[{"href":"https:\/\/www.ramazanbasak.com.tr\/index.php?rest_route=%2Fwp%2Fv2%2Fmedia&parent=393"}],"wp:term":[{"taxonomy":"category","embeddable":true,"href":"https:\/\/www.ramazanbasak.com.tr\/index.php?rest_route=%2Fwp%2Fv2%2Fcategories&post=393"},{"taxonomy":"post_tag","embeddable":true,"href":"https:\/\/www.ramazanbasak.com.tr\/index.php?rest_route=%2Fwp%2Fv2%2Ftags&post=393"}],"curies":[{"name":"wp","href":"https:\/\/api.w.org\/{rel}","templated":true}]}}