{"id":395,"date":"2010-11-05T13:39:36","date_gmt":"2010-11-05T10:39:36","guid":{"rendered":"https:\/\/www.ramazanbasak.com.tr\/basak-baskan-ciftciye-tesekkur-etti"},"modified":"2010-11-05T13:39:36","modified_gmt":"2010-11-05T10:39:36","slug":"basak-baskan-ciftciye-tesekkur-etti","status":"publish","type":"post","link":"https:\/\/www.ramazanbasak.com.tr\/?p=395","title":{"rendered":"Ba\u015fak, Ba\u015fkan \u00c7ift\u00e7i&#8217;ye te\u015fekk\u00fcr etti."},"content":{"rendered":"<p><img loading=\"lazy\" decoding=\"async\" class=\" alignleft size-full wp-image-394\" align=\"left\" width=\"200\" height=\"138\" alt=\"\" src=\"https:\/\/www.ramazanbasak.com.tr\/wp-content\/uploads\/2010\/11\/karakprifti.bmp\" \/><\/p>\n<p><strong>Ak Parti \u015eanl\u0131urfa Milletvekili Ramazan Ba\u015fak haftasonu Karak\u00f6pr\u00fc&rsquo;de d\u00fczenlenen Ali Baba \u015fenliklerine kat\u0131ld\u0131.  <!--more-->  <\/strong><\/p>\n<p><strong><b>Her y\u0131l oldu\u011fu gibi bu y\u0131lda b\u00fcy\u00fck bir co\u015fkuyla kutlanan Ali Baba \u015fenlikleri karak\u00f6pr\u00fc belediyesince ger\u00e7ekle\u015fti. Yo\u011fun bir kalabal\u0131kla kutlanan ali baba \u015fenlikleri b\u00fcy\u00fck kazanlarda yap\u0131lan yemeklerle kutland\u0131. \u00f6\u011flen saatlerinde yap\u0131lan kuru fasulye ve pilav e\u015fli\u011finde \u015fenlik renkli&nbsp;g\u00f6r\u00fcnt\u00fclere sahne oldu. &nbsp;Kutlamaya kat\u0131lan Ak Parti \u015eanl\u0131urfa Milletvekili Ramazan Ba\u015fak ve bir \u00e7ok sivil toplum \u00f6rg\u00fct\u00fc \u00fcyeleri kat\u0131ld\u0131.<\/b><\/strong><\/p>\n<p>&nbsp;<\/p>\n<div><b>Ak Parti \u015eanl\u0131urfa milletvekili&nbsp;Ramazan Ba\u015fak,&nbsp;&#8216;B\u00f6yle g\u00fczel bir program\u0131n ger\u00e7ekle\u015fmesinde ba\u015fta Karak\u00f6pr\u00fc Belediye Ba\u015fkan\u0131 Av. Nihat \u00c7ift\u00e7i&#8217;ye ve ekibine te\u015fekk\u00fcr ederim.&#8217; dedi.<\/b><\/div>\n<div>&nbsp;<\/div>\n<div>&nbsp;<\/div>\n<div>&nbsp;<\/div>\n","protected":false},"excerpt":{"rendered":"<p>Ak Parti \u015eanl\u0131urfa Milletvekili Ramazan Ba\u015fak haftasonu Karak\u00f6pr\u00fc&rsquo;de d\u00fczenlenen Ali Baba \u015fenliklerine kat\u0131ld\u0131. Her y\u0131l oldu\u011fu gibi bu y\u0131lda b\u00fcy\u00fck bir co\u015fkuyla kutlanan Ali Baba \u015fenlikleri karak\u00f6pr\u00fc belediyesince ger\u00e7ekle\u015fti. Yo\u011fun bir kalabal\u0131kla kutlanan ali baba \u015fenlikleri b\u00fcy\u00fck kazanlarda yap\u0131lan yemeklerle kutland\u0131. \u00f6\u011flen saatlerinde yap\u0131lan kuru fasulye ve pilav e\u015fli\u011finde \u015fenlik renkli&nbsp;g\u00f6r\u00fcnt\u00fclere sahne oldu. &nbsp;Kutlamaya kat\u0131lan &hellip;<\/p>\n","protected":false},"author":2,"featured_media":394,"comment_status":"open","ping_status":"open","sticky":false,"template":"","format":"standard","meta":{"footnotes":""},"categories":[8],"tags":[],"class_list":["post-395","post","type-post","status-publish","format-standard","has-post-thumbnail","hentry","category-haberler-haberler"],"_links":{"self":[{"href":"https:\/\/www.ramazanbasak.com.tr\/index.php?rest_route=\/wp\/v2\/posts\/395","targetHints":{"allow":["GET"]}}],"collection":[{"href":"https:\/\/www.ramazanbasak.com.tr\/index.php?rest_route=\/wp\/v2\/posts"}],"about":[{"href":"https:\/\/www.ramazanbasak.com.tr\/index.php?rest_route=\/wp\/v2\/types\/post"}],"author":[{"embeddable":true,"href":"https:\/\/www.ramazanbasak.com.tr\/index.php?rest_route=\/wp\/v2\/users\/2"}],"replies":[{"embeddable":true,"href":"https:\/\/www.ramazanbasak.com.tr\/index.php?rest_route=%2Fwp%2Fv2%2Fcomments&post=395"}],"version-history":[{"count":0,"href":"https:\/\/www.ramazanbasak.com.tr\/index.php?rest_route=\/wp\/v2\/posts\/395\/revisions"}],"wp:featuredmedia":[{"embeddable":true,"href":"https:\/\/www.ramazanbasak.com.tr\/index.php?rest_route=\/wp\/v2\/media\/394"}],"wp:attachment":[{"href":"https:\/\/www.ramazanbasak.com.tr\/index.php?rest_route=%2Fwp%2Fv2%2Fmedia&parent=395"}],"wp:term":[{"taxonomy":"category","embeddable":true,"href":"https:\/\/www.ramazanbasak.com.tr\/index.php?rest_route=%2Fwp%2Fv2%2Fcategories&post=395"},{"taxonomy":"post_tag","embeddable":true,"href":"https:\/\/www.ramazanbasak.com.tr\/index.php?rest_route=%2Fwp%2Fv2%2Ftags&post=395"}],"curies":[{"name":"wp","href":"https:\/\/api.w.org\/{rel}","templated":true}]}}