{"id":397,"date":"2010-11-05T13:51:32","date_gmt":"2010-11-05T10:51:32","guid":{"rendered":"https:\/\/www.ramazanbasak.com.tr\/basak-esnaf-gezilerine-devam-ediyor"},"modified":"2010-11-05T13:51:32","modified_gmt":"2010-11-05T10:51:32","slug":"basak-esnaf-gezilerine-devam-ediyor","status":"publish","type":"post","link":"https:\/\/www.ramazanbasak.com.tr\/?p=397","title":{"rendered":"Ba\u015fak, Esnaf Gezilerine Devam Ediyor."},"content":{"rendered":"<p><img loading=\"lazy\" decoding=\"async\" class=\" alignleft size-full wp-image-396\" align=\"left\" width=\"200\" height=\"138\" alt=\"\" src=\"https:\/\/www.ramazanbasak.com.tr\/wp-content\/uploads\/2010\/11\/esnafgezisiekim2010.bmp\" \/><\/p>\n<p><strong>Ak Parti \u015eanl\u0131urfa Milletvekili Ramazan Ba\u015fak, halepli bah\u00e7e ensaf\u0131n\u0131 gezdi&#8230; <!--more-->  <\/strong><\/p>\n<p><strong> <\/p>\n<p>Referandum oylamalar\u0131ndan sonra memleketi \u015eanl\u0131urfa&#8217;y\u0131 yanl\u0131z b\u0131rakmayan Ak Parti \u015eanl\u0131urfa milletvekili Ramazan Ba\u015fak, esnaf gezilerine devam ediyor.<\/p>\n<p>&nbsp;&nbsp;<\/p>\n<p>Halepli bah\u00e7e mahallasi esnaf\u0131 ve vatanda\u015flar\u0131yla birlikte olan Ak Parti \u015eanl\u0131urfa Milletvekili Ramazan Ba\u015fak, referandum oylamalar\u0131nda iyi bir drece elde t\u00fcm \u015eanl\u0131urfal\u0131lar olarak te\u015fekk\u00fcr etti. bir s\u00fcre esnafla sohbet ederek sonrunlar\u0131da dinledi.<\/p>\n<p>&nbsp;<\/p>\n<p>Ak Parti \u015eanl\u0131urfa Milletvekili Ramazan Ba\u015fak, &#8216;\u015eanl\u0131urfa&#8217;l\u0131 halk\u0131ma ne kadar te\u015fekk\u00fcr etsem azd\u0131r. referandum oylamalar\u0131nda darbecilere bir daha darbe yapmamalar\u0131 i\u00e7in onlar\u0131 sand\u0131\u011fa g\u00f6md\u00fck bunun en iyi kan\u0131t\u0131n\u0131da \u015eanl\u0131urfal\u0131 hem\u015fehrilerim vermi\u015ftir.&#8217; diye konu\u015ftu.<\/p>\n<p> <\/strong><\/p>\n","protected":false},"excerpt":{"rendered":"<p>Ak Parti \u015eanl\u0131urfa Milletvekili Ramazan Ba\u015fak, halepli bah\u00e7e ensaf\u0131n\u0131 gezdi&#8230; Referandum oylamalar\u0131ndan sonra memleketi \u015eanl\u0131urfa&#8217;y\u0131 yanl\u0131z b\u0131rakmayan Ak Parti \u015eanl\u0131urfa milletvekili Ramazan Ba\u015fak, esnaf gezilerine devam ediyor. &nbsp;&nbsp; Halepli bah\u00e7e mahallasi esnaf\u0131 ve vatanda\u015flar\u0131yla birlikte olan Ak Parti \u015eanl\u0131urfa Milletvekili Ramazan Ba\u015fak, referandum oylamalar\u0131nda iyi bir drece elde t\u00fcm \u015eanl\u0131urfal\u0131lar olarak te\u015fekk\u00fcr etti. bir s\u00fcre &hellip;<\/p>\n","protected":false},"author":2,"featured_media":396,"comment_status":"open","ping_status":"open","sticky":false,"template":"","format":"standard","meta":{"footnotes":""},"categories":[8],"tags":[],"class_list":["post-397","post","type-post","status-publish","format-standard","has-post-thumbnail","hentry","category-haberler-haberler"],"_links":{"self":[{"href":"https:\/\/www.ramazanbasak.com.tr\/index.php?rest_route=\/wp\/v2\/posts\/397","targetHints":{"allow":["GET"]}}],"collection":[{"href":"https:\/\/www.ramazanbasak.com.tr\/index.php?rest_route=\/wp\/v2\/posts"}],"about":[{"href":"https:\/\/www.ramazanbasak.com.tr\/index.php?rest_route=\/wp\/v2\/types\/post"}],"author":[{"embeddable":true,"href":"https:\/\/www.ramazanbasak.com.tr\/index.php?rest_route=\/wp\/v2\/users\/2"}],"replies":[{"embeddable":true,"href":"https:\/\/www.ramazanbasak.com.tr\/index.php?rest_route=%2Fwp%2Fv2%2Fcomments&post=397"}],"version-history":[{"count":0,"href":"https:\/\/www.ramazanbasak.com.tr\/index.php?rest_route=\/wp\/v2\/posts\/397\/revisions"}],"wp:featuredmedia":[{"embeddable":true,"href":"https:\/\/www.ramazanbasak.com.tr\/index.php?rest_route=\/wp\/v2\/media\/396"}],"wp:attachment":[{"href":"https:\/\/www.ramazanbasak.com.tr\/index.php?rest_route=%2Fwp%2Fv2%2Fmedia&parent=397"}],"wp:term":[{"taxonomy":"category","embeddable":true,"href":"https:\/\/www.ramazanbasak.com.tr\/index.php?rest_route=%2Fwp%2Fv2%2Fcategories&post=397"},{"taxonomy":"post_tag","embeddable":true,"href":"https:\/\/www.ramazanbasak.com.tr\/index.php?rest_route=%2Fwp%2Fv2%2Ftags&post=397"}],"curies":[{"name":"wp","href":"https:\/\/api.w.org\/{rel}","templated":true}]}}