{"id":399,"date":"2010-11-05T13:56:17","date_gmt":"2010-11-05T10:56:17","guid":{"rendered":"https:\/\/www.ramazanbasak.com.tr\/basak-bozovada"},"modified":"2010-11-05T13:56:17","modified_gmt":"2010-11-05T10:56:17","slug":"basak-bozovada","status":"publish","type":"post","link":"https:\/\/www.ramazanbasak.com.tr\/?p=399","title":{"rendered":"Ba\u015fak Bozova&#8217;da"},"content":{"rendered":"<p><img loading=\"lazy\" decoding=\"async\" class=\" alignleft size-full wp-image-398\" align=\"left\" width=\"200\" height=\"138\" alt=\"\" src=\"https:\/\/www.ramazanbasak.com.tr\/wp-content\/uploads\/2010\/11\/bozovaekim2010.bmp\" \/><\/p>\n<p><strong>Ak Parti \u015eanl\u0131urfa Milletvekili Ramazan Ba\u015fak Bozova il\u00e7e te\u015fkilat\u0131 ve esnaf\u0131n\u0131 ziyaret etti.  <!--more-->  <\/strong><\/p>\n<p><strong> <\/p>\n<p>Ak Parti \u015eanl\u0131urfa Milletvekili Ramazan Ba\u015fak Bozova il\u00e7esine gitti. il\u00e7e te\u015fkilat\u0131 y\u00f6neticileri ve Bozova halk\u0131yla birlikte Ak Parti&nbsp;Bozova&nbsp;il\u00e7e te\u015fkilat\u0131nda bir araya geldiler. \u0130l\u00e7e sorunlar\u0131yla ilgili bilgi al\u0131\u015f veri\u015finde bulundular.<\/p>\n<p> Daha sonra il\u00e7e turuna \u00e7\u0131kan Ak Parti \u015eanl\u0131urfa Milletvekili Ramazan Ba\u015fak il\u00e7e esnaf\u0131n\u0131 ziyaret etti. Bozova il\u00e7e esnaf\u0131n\u0131n sonrunlar\u0131n\u0131 dinleyen Ak Parti \u015eanl\u0131urfa Milletvekili Ramazan Ba\u015fak, &#8216;iktidar\u0131m\u0131z\u0131n liderli\u011fi s\u00fcrece her\u015feyin \u00fcstesinden gelece\u011fiz. Bozova i\u00e7in ne gerekiyorsa elimizden geleni yapaca\u011f\u0131z.&#8217; dedi.<\/p>\n<p> <\/strong><\/p>\n","protected":false},"excerpt":{"rendered":"<p>Ak Parti \u015eanl\u0131urfa Milletvekili Ramazan Ba\u015fak Bozova il\u00e7e te\u015fkilat\u0131 ve esnaf\u0131n\u0131 ziyaret etti. Ak Parti \u015eanl\u0131urfa Milletvekili Ramazan Ba\u015fak Bozova il\u00e7esine gitti. il\u00e7e te\u015fkilat\u0131 y\u00f6neticileri ve Bozova halk\u0131yla birlikte Ak Parti&nbsp;Bozova&nbsp;il\u00e7e te\u015fkilat\u0131nda bir araya geldiler. \u0130l\u00e7e sorunlar\u0131yla ilgili bilgi al\u0131\u015f veri\u015finde bulundular. Daha sonra il\u00e7e turuna \u00e7\u0131kan Ak Parti \u015eanl\u0131urfa Milletvekili Ramazan Ba\u015fak il\u00e7e esnaf\u0131n\u0131 &hellip;<\/p>\n","protected":false},"author":2,"featured_media":398,"comment_status":"open","ping_status":"open","sticky":false,"template":"","format":"standard","meta":{"footnotes":""},"categories":[8],"tags":[],"class_list":["post-399","post","type-post","status-publish","format-standard","has-post-thumbnail","hentry","category-haberler-haberler"],"_links":{"self":[{"href":"https:\/\/www.ramazanbasak.com.tr\/index.php?rest_route=\/wp\/v2\/posts\/399","targetHints":{"allow":["GET"]}}],"collection":[{"href":"https:\/\/www.ramazanbasak.com.tr\/index.php?rest_route=\/wp\/v2\/posts"}],"about":[{"href":"https:\/\/www.ramazanbasak.com.tr\/index.php?rest_route=\/wp\/v2\/types\/post"}],"author":[{"embeddable":true,"href":"https:\/\/www.ramazanbasak.com.tr\/index.php?rest_route=\/wp\/v2\/users\/2"}],"replies":[{"embeddable":true,"href":"https:\/\/www.ramazanbasak.com.tr\/index.php?rest_route=%2Fwp%2Fv2%2Fcomments&post=399"}],"version-history":[{"count":0,"href":"https:\/\/www.ramazanbasak.com.tr\/index.php?rest_route=\/wp\/v2\/posts\/399\/revisions"}],"wp:featuredmedia":[{"embeddable":true,"href":"https:\/\/www.ramazanbasak.com.tr\/index.php?rest_route=\/wp\/v2\/media\/398"}],"wp:attachment":[{"href":"https:\/\/www.ramazanbasak.com.tr\/index.php?rest_route=%2Fwp%2Fv2%2Fmedia&parent=399"}],"wp:term":[{"taxonomy":"category","embeddable":true,"href":"https:\/\/www.ramazanbasak.com.tr\/index.php?rest_route=%2Fwp%2Fv2%2Fcategories&post=399"},{"taxonomy":"post_tag","embeddable":true,"href":"https:\/\/www.ramazanbasak.com.tr\/index.php?rest_route=%2Fwp%2Fv2%2Ftags&post=399"}],"curies":[{"name":"wp","href":"https:\/\/api.w.org\/{rel}","templated":true}]}}