{"id":4,"date":"2008-11-24T19:45:19","date_gmt":"2008-11-24T16:45:19","guid":{"rendered":"https:\/\/www.ramazanbasak.com.tr\/ozgecmisi"},"modified":"2026-03-13T09:27:01","modified_gmt":"2026-03-13T06:27:01","slug":"ozgecmisi","status":"publish","type":"post","link":"https:\/\/www.ramazanbasak.com.tr\/?p=4","title":{"rendered":"\u00d6zge\u00e7mi\u015fi"},"content":{"rendered":"<p style=\"text-align: justify;\"><img loading=\"lazy\" decoding=\"async\" class=\" alignleft size-full wp-image-3\" src=\"https:\/\/www.ramazanbasak.com.tr\/wp-content\/uploads\/2008\/11\/ramazan_basak.jpg\" alt=\"\" width=\"150\" height=\"201\" align=\"left\" hspace=\"3\" vspace=\"3\" \/><span style=\"font-size: 12px;\">Ramazan Ba\u015fak, 27 A\u011fustos 1968&#8217;de \u015eanl\u0131urfa Suru\u00e7&#8217;ta do\u011fdu. Babas\u0131n\u0131n ad\u0131 Salih, annesinin ad\u0131 Nazl\u0131&#8217;d\u0131r. <\/span><\/p>\n<p>Y\u00fcksek Orman M\u00fchendisi ve Sanayici<\/p>\n<p>Karadeniz Teknik \u00dcniversitesi Orman Fak\u00fcltesi Orman M\u00fchendisli\u011fi B\u00f6l\u00fcm\u00fc&#8217;n\u00fc onur \u00f6\u011frencisi olarak bitirdi.<\/p>\n<p>Y\u00f6netim ve Organizasyon Alan\u0131nda Y\u00fcksek Lisans e\u011fitimini tamamlad\u0131.<\/p>\n<p>GAP Orman M\u00fcd\u00fcrl\u00fc\u011f\u00fc&#8217;nde A\u011fa\u00e7land\u0131rma \u015eefi olarak \u00e7al\u0131\u015ft\u0131.<\/p>\n<p>\u015eanl\u0131urfa Ticaret ve Sanayi Odas\u0131 Meclis \u00dcyeli\u011fi ve Komite Ba\u015fkanl\u0131\u011f\u0131,<\/p>\n<p>\u0130ki\u00a0d\u00f6nem \u015eanl\u0131urfa \u0130n\u015faat M\u00fcteahhitleri Ba\u015fkanl\u0131\u011f\u0131,<\/p>\n<p>\u0130ki d\u00f6nem Anadolu Yap\u0131m M\u00fcteahhitleri Federasyonu Genel Ba\u015fkan Yard\u0131mc\u0131l\u0131\u011f\u0131 g\u00f6revlerinde bulundu.<\/p>\n<p>Adalet ve Kalk\u0131nma Partisi Ankara \u0130l Ba\u015fkan Yard\u0131mc\u0131l\u0131\u011f\u0131,<\/p>\n<p>Adalet ve Kalk\u0131nma Partisi Genel Merkezi D\u0131\u015f \u0130li\u015fkiler Ba\u015fkanl\u0131\u011f\u0131&#8217;nda Uzman Koordinat\u00f6r olarak g\u00f6rev yapt\u0131.<\/p>\n<p>23. d\u00f6nem \u015eanl\u0131urfa Milletvekili olarak se\u00e7ilen Ramazan BA\u015eAK,<\/p>\n<p>TBMM Ak Parti Grup Y\u00f6netim Kurulu \u00dcyeli\u011fi,<\/p>\n<p>TBMM Bay\u0131nd\u0131rl\u0131k, \u0130mar, Ula\u015ft\u0131rma ve Turizm Komisyonu \u00fcyeli\u011fi,<\/p>\n<p>Ak Parti Genel Merkez Se\u00e7im \u0130\u015fleri Ba\u015fkan Yard\u0131mc\u0131l\u0131\u011f\u0131,<\/p>\n<p>T\u00fcrkiye &#8211; S\u0131rbistan Parlementolar Aras\u0131 Dostluk Grubu Ba\u015fkanl\u0131\u011f\u0131yla beraber T\u00fcrkiye ile Almanya, G\u00fcney Kore, Kazakistan,\u00a0Pakistan ve Panama\u00a0Parlementolar Aras\u0131 Dostluk Gruplar\u0131n\u0131n genel sekreterlik\u00a0ve ba\u015fkan yard\u0131mc\u0131l\u0131k\u00a0g\u00f6revlerini y\u00fcr\u00fctmekte olan Ba\u015fak,<\/p>\n<p>\u0130n\u015faat &#8211; Sanayi ve Sa\u011fl\u0131k alan\u0131nda faaliyet g\u00f6steren BA\u015eAK \u015eirketler Grubunun da kurucusu olup, halen y\u00f6netim kurulu ba\u015fkanl\u0131\u011f\u0131 g\u00f6revini y\u00fcr\u00fctmektedir.<\/p>\n<p>Frans\u0131zca ve \u0130ngilizce bilen Ba\u015fak, bekar ve 2 \u00e7ocuk babas\u0131d\u0131r.<\/p>\n","protected":false},"excerpt":{"rendered":"<p>Ramazan Ba\u015fak, 27 A\u011fustos 1968&#8217;de \u015eanl\u0131urfa Suru\u00e7&#8217;ta do\u011fdu. Babas\u0131n\u0131n ad\u0131 Salih, annesinin ad\u0131 Nazl\u0131&#8217;d\u0131r. Y\u00fcksek Orman M\u00fchendisi ve Sanayici Karadeniz Teknik \u00dcniversitesi Orman Fak\u00fcltesi Orman M\u00fchendisli\u011fi B\u00f6l\u00fcm\u00fc&#8217;n\u00fc onur \u00f6\u011frencisi olarak bitirdi. Y\u00f6netim ve Organizasyon Alan\u0131nda Y\u00fcksek Lisans e\u011fitimini tamamlad\u0131. GAP Orman M\u00fcd\u00fcrl\u00fc\u011f\u00fc&#8217;nde A\u011fa\u00e7land\u0131rma \u015eefi olarak \u00e7al\u0131\u015ft\u0131. \u015eanl\u0131urfa Ticaret ve Sanayi Odas\u0131 Meclis \u00dcyeli\u011fi ve Komite &hellip;<\/p>\n","protected":false},"author":1,"featured_media":3,"comment_status":"open","ping_status":"open","sticky":false,"template":"","format":"standard","meta":{"footnotes":""},"categories":[1],"tags":[],"class_list":["post-4","post","type-post","status-publish","format-standard","has-post-thumbnail","hentry","category-uncategorized"],"_links":{"self":[{"href":"https:\/\/www.ramazanbasak.com.tr\/index.php?rest_route=\/wp\/v2\/posts\/4","targetHints":{"allow":["GET"]}}],"collection":[{"href":"https:\/\/www.ramazanbasak.com.tr\/index.php?rest_route=\/wp\/v2\/posts"}],"about":[{"href":"https:\/\/www.ramazanbasak.com.tr\/index.php?rest_route=\/wp\/v2\/types\/post"}],"author":[{"embeddable":true,"href":"https:\/\/www.ramazanbasak.com.tr\/index.php?rest_route=\/wp\/v2\/users\/1"}],"replies":[{"embeddable":true,"href":"https:\/\/www.ramazanbasak.com.tr\/index.php?rest_route=%2Fwp%2Fv2%2Fcomments&post=4"}],"version-history":[{"count":1,"href":"https:\/\/www.ramazanbasak.com.tr\/index.php?rest_route=\/wp\/v2\/posts\/4\/revisions"}],"predecessor-version":[{"id":543,"href":"https:\/\/www.ramazanbasak.com.tr\/index.php?rest_route=\/wp\/v2\/posts\/4\/revisions\/543"}],"wp:featuredmedia":[{"embeddable":true,"href":"https:\/\/www.ramazanbasak.com.tr\/index.php?rest_route=\/wp\/v2\/media\/3"}],"wp:attachment":[{"href":"https:\/\/www.ramazanbasak.com.tr\/index.php?rest_route=%2Fwp%2Fv2%2Fmedia&parent=4"}],"wp:term":[{"taxonomy":"category","embeddable":true,"href":"https:\/\/www.ramazanbasak.com.tr\/index.php?rest_route=%2Fwp%2Fv2%2Fcategories&post=4"},{"taxonomy":"post_tag","embeddable":true,"href":"https:\/\/www.ramazanbasak.com.tr\/index.php?rest_route=%2Fwp%2Fv2%2Ftags&post=4"}],"curies":[{"name":"wp","href":"https:\/\/api.w.org\/{rel}","templated":true}]}}