{"id":402,"date":"2010-11-29T07:49:05","date_gmt":"2010-11-29T04:49:05","guid":{"rendered":"https:\/\/www.ramazanbasak.com.tr\/dublesiz-yol-kalmayacak"},"modified":"2010-11-29T07:49:05","modified_gmt":"2010-11-29T04:49:05","slug":"dublesiz-yol-kalmayacak","status":"publish","type":"post","link":"https:\/\/www.ramazanbasak.com.tr\/?p=402","title":{"rendered":"DUBLES\u0130Z YOL KALMAYACAK"},"content":{"rendered":"<p><img loading=\"lazy\" decoding=\"async\" class=\" alignleft size-full wp-image-401\" align=\"left\" width=\"200\" height=\"138\" alt=\"\" src=\"https:\/\/www.ramazanbasak.com.tr\/wp-content\/uploads\/2010\/11\/dublesizyolkalmayacak.bmp\" \/><\/p>\n<p><strong>Hafta sonunu \u015eanl\u0131urfa&rsquo;da ge\u00e7iren Ak Parti \u015eanl\u0131urfa Milletvekili Ramazan Ba\u015fak yap\u0131lan yol \u00e7al\u0131\u015fmalar\u0131n\u0131 denetledi. <!--more-->  <\/strong><\/p>\n<p>&nbsp;<\/p>\n<div><span style=\"font-size: 12px\">Meclis \u00e7al\u0131\u015fmalar\u0131ndan sonra hafta sonu memleketi \u015eanl\u0131urfa&rsquo;ya gelen Ak Parti \u015eanl\u0131urfa Milletvekili Ramazan Ba\u015fak \u00e7al\u0131\u015fmalar\u0131 g\u00f6z \u00f6n\u00fcnde bulundurarak yerinde denetleme imk\u00e2n\u0131 buldu. <\/span><\/div>\n<div><span style=\"font-size: 12px\">&nbsp;<\/span><\/div>\n<div><span style=\"font-size: 12px\">\u015eanl\u0131urfa Bozova s\u0131n\u0131rlar\u0131 aras\u0131nda bulunan tek y\u00f6nl\u00fc karayolunun duble yol \u00e7al\u0131\u015fmalar\u0131 h\u0131zla devam ediyor. Ak Parti \u015eanl\u0131urfa Milletvekili Ramazan Ba\u015fak \u00e7al\u0131\u015fmalar\u0131 yerinde denetleyerek yap\u0131lan duble yollar hakk\u0131nda yol yap\u0131m \u00e7al\u0131\u015fanlar\u0131ndan bilgi ald\u0131. Bir s\u00fcre yollar\u0131 gezerek g\u00f6zlemlerde bulunan Ba\u015fak yap\u0131lan \u00e7al\u0131\u015fmalar sonucu bir a\u00e7\u0131klama yaparak &lsquo;\u015eanl\u0131urfa&rsquo;y\u0131 Ad\u0131yaman&rsquo;a ba\u011flayan Bozova ba\u011flant\u0131 yolunun yap\u0131lmas\u0131yla ilgili Say\u0131n Ba\u015fbakan\u0131m\u0131zdan gerekli deste\u011fi ald\u0131k. Makineler gece g\u00fcnd\u00fcz \u00e7al\u0131\u015f\u0131yor. Ve \u00e7ok k\u0131sa bir s\u00fcre i\u00e7erisinde Bozova&rsquo;yla birlikte Ad\u0131yaman&rsquo;a kadar \u015eanl\u0131urfal\u0131lar\u0131n t\u00fcm\u00fc rahat\u00e7a kullanabilecekleri bir duble yola kavu\u015facaklar.&rsquo; diye konu\u015ftu.<\/span><\/div>\n","protected":false},"excerpt":{"rendered":"<p>Hafta sonunu \u015eanl\u0131urfa&rsquo;da ge\u00e7iren Ak Parti \u015eanl\u0131urfa Milletvekili Ramazan Ba\u015fak yap\u0131lan yol \u00e7al\u0131\u015fmalar\u0131n\u0131 denetledi. &nbsp; Meclis \u00e7al\u0131\u015fmalar\u0131ndan sonra hafta sonu memleketi \u015eanl\u0131urfa&rsquo;ya gelen Ak Parti \u015eanl\u0131urfa Milletvekili Ramazan Ba\u015fak \u00e7al\u0131\u015fmalar\u0131 g\u00f6z \u00f6n\u00fcnde bulundurarak yerinde denetleme imk\u00e2n\u0131 buldu. &nbsp; \u015eanl\u0131urfa Bozova s\u0131n\u0131rlar\u0131 aras\u0131nda bulunan tek y\u00f6nl\u00fc karayolunun duble yol \u00e7al\u0131\u015fmalar\u0131 h\u0131zla devam ediyor. Ak Parti \u015eanl\u0131urfa &hellip;<\/p>\n","protected":false},"author":2,"featured_media":401,"comment_status":"open","ping_status":"open","sticky":false,"template":"","format":"standard","meta":{"footnotes":""},"categories":[8],"tags":[],"class_list":["post-402","post","type-post","status-publish","format-standard","has-post-thumbnail","hentry","category-haberler-haberler"],"_links":{"self":[{"href":"https:\/\/www.ramazanbasak.com.tr\/index.php?rest_route=\/wp\/v2\/posts\/402","targetHints":{"allow":["GET"]}}],"collection":[{"href":"https:\/\/www.ramazanbasak.com.tr\/index.php?rest_route=\/wp\/v2\/posts"}],"about":[{"href":"https:\/\/www.ramazanbasak.com.tr\/index.php?rest_route=\/wp\/v2\/types\/post"}],"author":[{"embeddable":true,"href":"https:\/\/www.ramazanbasak.com.tr\/index.php?rest_route=\/wp\/v2\/users\/2"}],"replies":[{"embeddable":true,"href":"https:\/\/www.ramazanbasak.com.tr\/index.php?rest_route=%2Fwp%2Fv2%2Fcomments&post=402"}],"version-history":[{"count":0,"href":"https:\/\/www.ramazanbasak.com.tr\/index.php?rest_route=\/wp\/v2\/posts\/402\/revisions"}],"wp:featuredmedia":[{"embeddable":true,"href":"https:\/\/www.ramazanbasak.com.tr\/index.php?rest_route=\/wp\/v2\/media\/401"}],"wp:attachment":[{"href":"https:\/\/www.ramazanbasak.com.tr\/index.php?rest_route=%2Fwp%2Fv2%2Fmedia&parent=402"}],"wp:term":[{"taxonomy":"category","embeddable":true,"href":"https:\/\/www.ramazanbasak.com.tr\/index.php?rest_route=%2Fwp%2Fv2%2Fcategories&post=402"},{"taxonomy":"post_tag","embeddable":true,"href":"https:\/\/www.ramazanbasak.com.tr\/index.php?rest_route=%2Fwp%2Fv2%2Ftags&post=402"}],"curies":[{"name":"wp","href":"https:\/\/api.w.org\/{rel}","templated":true}]}}