{"id":408,"date":"2010-11-29T08:02:23","date_gmt":"2010-11-29T05:02:23","guid":{"rendered":"https:\/\/www.ramazanbasak.com.tr\/basak-kanalurfa%e2%80%99ya-konuk-oldu"},"modified":"2010-11-29T08:02:23","modified_gmt":"2010-11-29T05:02:23","slug":"basak-kanalurfa%e2%80%99ya-konuk-oldu","status":"publish","type":"post","link":"https:\/\/www.ramazanbasak.com.tr\/?p=408","title":{"rendered":"Ba\u015fak Kanalurfa\u2019ya Konuk Oldu"},"content":{"rendered":"<p><img loading=\"lazy\" decoding=\"async\" class=\" alignleft size-full wp-image-407\" align=\"left\" width=\"200\" height=\"160\" alt=\"\" src=\"https:\/\/www.ramazanbasak.com.tr\/wp-content\/uploads\/2010\/11\/kanalurfakasim2010.bmp\" \/><\/p>\n<p><strong>Ak Parti \u015eanl\u0131urfa milletvekili Ramazan Ba\u015fak ge\u00e7ti\u011fimiz g\u00fcn kanal urfa&rsquo;da yay\u0131nlanan bir &lsquo;&rsquo;B\u0130R KONUK&rsquo; adl\u0131 programa konuk oldu. <\/strong><\/p>\n<p>&nbsp;<\/p>\n<p><strong>Bir konuk adl\u0131 programa konuk olan Ak Parti \u015eanl\u0131urfa Milletvekili Ramazan Ba\u015fak g\u00fcndemle ilgili a\u00e7\u0131klamalarda bulundu. Ak Parti iktidar\u0131 d\u00f6neminde yap\u0131lan \u00e7al\u0131\u015fmalar\u0131n ve halen \u00e7al\u0131\u015fmalar\u0131 devam eden ve g\u00fcndemde konusu halen tart\u0131\u015f\u0131lan t\u00fcrban, dil, GAP&rsquo;\u0131 ele alarak yakla\u015f\u0131k bir saatlik programda \u015eanl\u0131urfal\u0131 hem\u015ferilerine ve t\u00fcm TV izleyen vatanda\u015flara aktard\u0131. <\/strong><\/p>\n","protected":false},"excerpt":{"rendered":"<p>Ak Parti \u015eanl\u0131urfa milletvekili Ramazan Ba\u015fak ge\u00e7ti\u011fimiz g\u00fcn kanal urfa&rsquo;da yay\u0131nlanan bir &lsquo;&rsquo;B\u0130R KONUK&rsquo; adl\u0131 programa konuk oldu. &nbsp; Bir konuk adl\u0131 programa konuk olan Ak Parti \u015eanl\u0131urfa Milletvekili Ramazan Ba\u015fak g\u00fcndemle ilgili a\u00e7\u0131klamalarda bulundu. Ak Parti iktidar\u0131 d\u00f6neminde yap\u0131lan \u00e7al\u0131\u015fmalar\u0131n ve halen \u00e7al\u0131\u015fmalar\u0131 devam eden ve g\u00fcndemde konusu halen tart\u0131\u015f\u0131lan t\u00fcrban, dil, GAP&rsquo;\u0131 ele &hellip;<\/p>\n","protected":false},"author":2,"featured_media":407,"comment_status":"open","ping_status":"open","sticky":false,"template":"","format":"standard","meta":{"footnotes":""},"categories":[8],"tags":[],"class_list":["post-408","post","type-post","status-publish","format-standard","has-post-thumbnail","hentry","category-haberler-haberler"],"_links":{"self":[{"href":"https:\/\/www.ramazanbasak.com.tr\/index.php?rest_route=\/wp\/v2\/posts\/408","targetHints":{"allow":["GET"]}}],"collection":[{"href":"https:\/\/www.ramazanbasak.com.tr\/index.php?rest_route=\/wp\/v2\/posts"}],"about":[{"href":"https:\/\/www.ramazanbasak.com.tr\/index.php?rest_route=\/wp\/v2\/types\/post"}],"author":[{"embeddable":true,"href":"https:\/\/www.ramazanbasak.com.tr\/index.php?rest_route=\/wp\/v2\/users\/2"}],"replies":[{"embeddable":true,"href":"https:\/\/www.ramazanbasak.com.tr\/index.php?rest_route=%2Fwp%2Fv2%2Fcomments&post=408"}],"version-history":[{"count":0,"href":"https:\/\/www.ramazanbasak.com.tr\/index.php?rest_route=\/wp\/v2\/posts\/408\/revisions"}],"wp:featuredmedia":[{"embeddable":true,"href":"https:\/\/www.ramazanbasak.com.tr\/index.php?rest_route=\/wp\/v2\/media\/407"}],"wp:attachment":[{"href":"https:\/\/www.ramazanbasak.com.tr\/index.php?rest_route=%2Fwp%2Fv2%2Fmedia&parent=408"}],"wp:term":[{"taxonomy":"category","embeddable":true,"href":"https:\/\/www.ramazanbasak.com.tr\/index.php?rest_route=%2Fwp%2Fv2%2Fcategories&post=408"},{"taxonomy":"post_tag","embeddable":true,"href":"https:\/\/www.ramazanbasak.com.tr\/index.php?rest_route=%2Fwp%2Fv2%2Ftags&post=408"}],"curies":[{"name":"wp","href":"https:\/\/api.w.org\/{rel}","templated":true}]}}