{"id":410,"date":"2010-12-13T10:17:17","date_gmt":"2010-12-13T07:17:17","guid":{"rendered":"https:\/\/www.ramazanbasak.com.tr\/basakayrimcilik-ortadan-kalkacak"},"modified":"2010-12-13T10:17:17","modified_gmt":"2010-12-13T07:17:17","slug":"basakayrimcilik-ortadan-kalkacak","status":"publish","type":"post","link":"https:\/\/www.ramazanbasak.com.tr\/?p=410","title":{"rendered":"Ba\u015fak:Ayr\u0131mc\u0131l\u0131k Ortadan Kalkacak"},"content":{"rendered":"<p><img loading=\"lazy\" decoding=\"async\" class=\" alignleft size-full wp-image-409\" align=\"left\" width=\"200\" height=\"160\" alt=\"\" src=\"https:\/\/www.ramazanbasak.com.tr\/wp-content\/uploads\/2010\/12\/tv8haberaktifaralk2010.bmp\" \/><\/p>\n<p><strong>Ak Parti \u015eanl\u0131urfa Milletvekili Ramazan Ba\u015fak TV8 ekranlar\u0131na \u00e7\u0131karak T\u00fcrk K\u00fcrt ayr\u0131mc\u0131l\u0131\u011f\u0131n\u0131 ortadan kald\u0131rmak i\u00e7in \u00e7al\u0131\u015ft\u0131klar\u0131n\u0131 ifade etti.  <!--more-->  <\/strong><\/p>\n<p>&nbsp;<\/p>\n<div>Ak Parti \u015eanl\u0131urfa Milletvekili Ramazan Ba\u015fak TV8 ekranlar\u0131na \u00e7\u0131karak T\u00fcrk K\u00fcrt ayr\u0131mc\u0131l\u0131\u011f\u0131n\u0131 ortadan kald\u0131rmak i\u00e7in \u00e7al\u0131\u015ft\u0131klar\u0131n\u0131 ifade etti.<br \/> &nbsp;<\/div>\n<div>TV8 ekranlar\u0131nda yay\u0131nlanan HABERAKT\u0130F, \u0130stanbul st\u00fcdyosuna Ankara St\u00fcdyosundan canl\u0131 olarak ba\u011flanan Ak Parti \u015eanl\u0131urfa Milletvekili Ramazan Ba\u015fak, T\u00fcrkiye g\u00fcndeminde tart\u0131\u015fmalar\u0131 halen devam eden T\u00fcrk K\u00fcrt ayr\u0131mc\u0131l\u0131\u011f\u0131 konusunda ve T\u00fcrkiye s\u0131n\u0131rlar\u0131 i\u00e7erisinde ya\u015fayan K\u00fcrtlerin oranlar\u0131n\u0131 programda st\u00fcdyo konu\u011fu olan gazeteci yazarlarla birlikte sorunlar\u0131 ortadan kald\u0131rabilmek i\u00e7in bilgi al\u0131\u015f veri\u015finde bulundular. <br \/> &nbsp;<\/div>\n<div>Ak Parti \u015eanl\u0131urfa Milletvekili Ramazan Ba\u015fak T\u00fcrk ve K\u00fcrt sorunlar\u0131n\u0131n tart\u0131\u015f\u0131ld\u0131\u011f\u0131 programda \u015funlar\u0131 dile getirdi. Yakla\u015f\u0131k 3.5 y\u0131ld\u0131r parlamentoda b\u00f6lgeler aras\u0131 ayr\u0131mc\u0131l\u0131\u011f\u0131 kald\u0131rmak i\u00e7in, T\u00fcrk K\u00fcrt, Laz \u00c7erkez demeden yetmi\u015f iki milyon karde\u015fin \u00fczerine m\u00fccadele ediyoruz diyen Ak Parti \u015eanl\u0131urfa Milletvekili Ramazan Ba\u015fak, kendisinin de sadece K\u00fcrt k\u00f6kenli bir milletvekili oldu\u011fu i\u00e7in de\u011fil o b\u00f6lgenin geride kalm\u0131\u015fl\u0131\u011f\u0131n\u0131 ortadan kald\u0131rmak i\u00e7in de\u011fil, e\u015fit ve ya\u015fan\u0131labilir bir T\u00fcrkiye ger\u00e7ekle\u015ftirmek \u00e7al\u0131\u015ft\u0131klar\u0131n\u0131 s\u00f6yledi. <br \/> &nbsp;<\/div>\n<div>T\u00fcrkiye&rsquo;de ya\u015fanan i\u015fsizlik konusuna da de\u011finen Milletvekili Ba\u015fak GAP&rsquo;\u0131n bitmesi birlikte i\u015fsizli\u011finde sona erece\u011fini belirtti&hellip;<\/div>\n","protected":false},"excerpt":{"rendered":"<p>Ak Parti \u015eanl\u0131urfa Milletvekili Ramazan Ba\u015fak TV8 ekranlar\u0131na \u00e7\u0131karak T\u00fcrk K\u00fcrt ayr\u0131mc\u0131l\u0131\u011f\u0131n\u0131 ortadan kald\u0131rmak i\u00e7in \u00e7al\u0131\u015ft\u0131klar\u0131n\u0131 ifade etti. &nbsp; Ak Parti \u015eanl\u0131urfa Milletvekili Ramazan Ba\u015fak TV8 ekranlar\u0131na \u00e7\u0131karak T\u00fcrk K\u00fcrt ayr\u0131mc\u0131l\u0131\u011f\u0131n\u0131 ortadan kald\u0131rmak i\u00e7in \u00e7al\u0131\u015ft\u0131klar\u0131n\u0131 ifade etti. &nbsp; TV8 ekranlar\u0131nda yay\u0131nlanan HABERAKT\u0130F, \u0130stanbul st\u00fcdyosuna Ankara St\u00fcdyosundan canl\u0131 olarak ba\u011flanan Ak Parti \u015eanl\u0131urfa Milletvekili Ramazan Ba\u015fak, &hellip;<\/p>\n","protected":false},"author":2,"featured_media":409,"comment_status":"open","ping_status":"open","sticky":false,"template":"","format":"standard","meta":{"footnotes":""},"categories":[8],"tags":[],"class_list":["post-410","post","type-post","status-publish","format-standard","has-post-thumbnail","hentry","category-haberler-haberler"],"_links":{"self":[{"href":"https:\/\/www.ramazanbasak.com.tr\/index.php?rest_route=\/wp\/v2\/posts\/410","targetHints":{"allow":["GET"]}}],"collection":[{"href":"https:\/\/www.ramazanbasak.com.tr\/index.php?rest_route=\/wp\/v2\/posts"}],"about":[{"href":"https:\/\/www.ramazanbasak.com.tr\/index.php?rest_route=\/wp\/v2\/types\/post"}],"author":[{"embeddable":true,"href":"https:\/\/www.ramazanbasak.com.tr\/index.php?rest_route=\/wp\/v2\/users\/2"}],"replies":[{"embeddable":true,"href":"https:\/\/www.ramazanbasak.com.tr\/index.php?rest_route=%2Fwp%2Fv2%2Fcomments&post=410"}],"version-history":[{"count":0,"href":"https:\/\/www.ramazanbasak.com.tr\/index.php?rest_route=\/wp\/v2\/posts\/410\/revisions"}],"wp:featuredmedia":[{"embeddable":true,"href":"https:\/\/www.ramazanbasak.com.tr\/index.php?rest_route=\/wp\/v2\/media\/409"}],"wp:attachment":[{"href":"https:\/\/www.ramazanbasak.com.tr\/index.php?rest_route=%2Fwp%2Fv2%2Fmedia&parent=410"}],"wp:term":[{"taxonomy":"category","embeddable":true,"href":"https:\/\/www.ramazanbasak.com.tr\/index.php?rest_route=%2Fwp%2Fv2%2Fcategories&post=410"},{"taxonomy":"post_tag","embeddable":true,"href":"https:\/\/www.ramazanbasak.com.tr\/index.php?rest_route=%2Fwp%2Fv2%2Ftags&post=410"}],"curies":[{"name":"wp","href":"https:\/\/api.w.org\/{rel}","templated":true}]}}